{"id":6253,"date":"2016-06-02T11:42:49","date_gmt":"2016-06-02T10:42:49","guid":{"rendered":"https:\/\/gestiobcn.com\/?p=6253"},"modified":"2018-08-23T10:05:45","modified_gmt":"2018-08-23T09:05:45","slug":"renta-2015-deduccion-por-familia-numerosa-o-por-personas-con-discapacidad-a-cargo","status":"publish","type":"post","link":"https:\/\/gestiobcn.com\/es\/renta-2015-deduccion-por-familia-numerosa-o-por-personas-con-discapacidad-a-cargo\/","title":{"rendered":"Renta 2015. Deducci\u00f3n por familia numerosa o por personas con discapacidad a cargo"},"content":{"rendered":"<h3 align=\"center\"><span style=\"color: #ffffff;\">.<\/span><\/h3>\n<p style=\"text-align: center;\" align=\"center\"><span style=\"color: #333333;\"><strong>Como novedad en esta campa\u00f1a de renta de 2015 nos encontramos con una deducci\u00f3n que afecta a contribuyentes con mayores cargas familiares. Se han aprobado cuatro nuevas deducciones que minorar\u00e1n la cuota diferencial de la misma forma\u00a0 a como lo hace la deducci\u00f3n por maternidad, pudiendo tambi\u00e9n solicitarse su abono anticipado.<\/strong><\/span><\/p>\n<p>&nbsp;<\/p>\n<p>&nbsp;<\/p>\n<p style=\"text-align: justify;\">Las deducciones son las que se detallan:<\/p>\n<ul style=\"list-style-type: square;\">\n<li>Deducci\u00f3n por descendiente con discapacidad<\/li>\n<li>Deducci\u00f3n por ascendiente con discapacidad<\/li>\n<li>Deducci\u00f3n por familia numerosa<\/li>\n<li>Deducci\u00f3n por ascendiente, separado legalmente o sin v\u00ednculo matrimonial, con dos hijos sin derecho a percibir anualidades por alimentos.<\/li>\n<\/ul>\n<p>&nbsp;<\/p>\n<p style=\"text-align: justify;\">Pueden aplicar esta deducci\u00f3n los contribuyentes:<\/p>\n<ul style=\"list-style-type: square;\">\n<li>Que realicen actividad por cuenta propia o ajena por la cual est\u00e9n dados de alta en el r\u00e9gimen correspondiente de la Seguridad Social.<\/li>\n<li>Que perciban prestaciones contributivas y asistenciales del sistema de protecci\u00f3n del desempleo.<\/li>\n<\/ul>\n<p style=\"text-align: justify;\">En el supuesto de estar desempleado, podr\u00e1n acceder a la deducci\u00f3n\u00a0 quienes est\u00e9n cobrando una prestaci\u00f3n contributiva o asistencial, del sistema de protecci\u00f3n de desempleo.<\/p>\n<p>&nbsp;<\/p>\n<p style=\"text-align: justify;\">En funci\u00f3n de la deducci\u00f3n que se pretenda aplicar, tendr\u00e1n derecho a minorar la cuota diferencial los contribuyentes en los que concurran las siguientes circunstancias:<\/p>\n<ul style=\"list-style-type: square;\">\n<li>Por cada descendiente con discapacidad, los contribuyentes que tengan derecho a la aplicaci\u00f3n del m\u00ednimo por descendiente. Art. 58 Ley IRPF<\/li>\n<li>Por cada ascendiente con discapacidad, los contribuyentes que tengan derecho a la aplicaci\u00f3n del m\u00ednimo por ascendiente. Art. 59 Ley IRPF<\/li>\n<li>Por ser ascendiente con dos hijos y cumplir todas y cada unas de los siguientes requisitos:<\/li>\n<\/ul>\n<p style=\"text-align: left;\">\u00a0\u00a0\u00a0\u00a0\u00a0\u00a0\u00a0\u00a0\u00a0\u00a0\u00a0\u00a0\u00a0\u00a0\u00a0<span style=\"color: #ffffff;\">\u00a0\u00a0\u00a0\u00a0\u00a0\u00a0\u00a0\u00a0\u00a0\u00a0\u00a0\u00a0\u00a0\u00a0\u00a0\u00a0\u00a0\u00a0\u00a0 <\/span>Estar separado legamente, o sin v\u00ednculo matrimonial<\/p>\n<p style=\"text-align: left;\">\u00a0\u00a0\u00a0\u00a0\u00a0\u00a0\u00a0\u00a0\u00a0\u00a0\u00a0\u00a0\u00a0\u00a0\u00a0\u00a0\u00a0\u00a0\u00a0\u00a0\u00a0\u00a0\u00a0\u00a0\u00a0\u00a0\u00a0\u00a0\u00a0\u00a0\u00a0\u00a0\u00a0\u00a0\u00a0No tener derecho a percibir anualidades por alimentos por los hijos<\/p>\n<p style=\"text-align: left;\"><span style=\"color: #ffffff;\">\u00a0\u00a0\u00a0\u00a0\u00a0\u00a0\u00a0\u00a0\u00a0\u00a0\u00a0\u00a0\u00a0\u00a0\u00a0\u00a0\u00a0\u00a0\u00a0\u00a0\u00a0\u00a0\u00a0\u00a0\u00a0\u00a0\u00a0\u00a0\u00a0\u00a0\u00a0\u00a0\u00a0\u00a0\u00a0<\/span>Tener derecho por los hijos a aplicar la totalidad del m\u00ednimo por\u00a0\u00a0\u00a0 descendiente previsto en el art. 58 de la Ley IRPF<\/p>\n<ul style=\"list-style-type: square;\">\n<li>Por familia numerosa, los contribuyentes que sean un ascendiente, o un hermano hu\u00e9rfano de padre y madre, que forme parte de una familia numerosa conforme a la Ley 40\/2003, de 18 de noviembre, de Protecci\u00f3n de Familias Numerosas.<\/li>\n<\/ul>\n<p>&nbsp;<\/p>\n<p style=\"text-align: center;\"><span style=\"color: #808000;\"><strong>\u00a0Asesor\u00eda en Barcelona<\/strong><\/span><\/p>\n<p style=\"text-align: center;\"><span style=\"color: #808000;\"><strong>SAGARRA i MONTALVO GESTI\u00d3 BCN<\/strong><\/span><\/p>\n","protected":false},"excerpt":{"rendered":"<p>. Como novedad en esta campa\u00f1a de renta de 2015 nos encontramos con una deducci\u00f3n que afecta a contribuyentes con mayores cargas familiares. Se han aprobado cuatro nuevas deducciones que&#8230;<\/p>\n","protected":false},"author":2,"featured_media":9504,"comment_status":"open","ping_status":"open","sticky":false,"template":"","format":"standard","meta":{"inline_featured_image":false,"footnotes":""},"categories":[181,38],"tags":[],"class_list":["post-6253","post","type-post","status-publish","format-standard","has-post-thumbnail","hentry","category-area-fiscal","category-sin-categorizar"],"aioseo_notices":[],"_links":{"self":[{"href":"https:\/\/gestiobcn.com\/es\/wp-json\/wp\/v2\/posts\/6253","targetHints":{"allow":["GET"]}}],"collection":[{"href":"https:\/\/gestiobcn.com\/es\/wp-json\/wp\/v2\/posts"}],"about":[{"href":"https:\/\/gestiobcn.com\/es\/wp-json\/wp\/v2\/types\/post"}],"author":[{"embeddable":true,"href":"https:\/\/gestiobcn.com\/es\/wp-json\/wp\/v2\/users\/2"}],"replies":[{"embeddable":true,"href":"https:\/\/gestiobcn.com\/es\/wp-json\/wp\/v2\/comments?post=6253"}],"version-history":[{"count":0,"href":"https:\/\/gestiobcn.com\/es\/wp-json\/wp\/v2\/posts\/6253\/revisions"}],"wp:featuredmedia":[{"embeddable":true,"href":"https:\/\/gestiobcn.com\/es\/wp-json\/wp\/v2\/media\/9504"}],"wp:attachment":[{"href":"https:\/\/gestiobcn.com\/es\/wp-json\/wp\/v2\/media?parent=6253"}],"wp:term":[{"taxonomy":"category","embeddable":true,"href":"https:\/\/gestiobcn.com\/es\/wp-json\/wp\/v2\/categories?post=6253"},{"taxonomy":"post_tag","embeddable":true,"href":"https:\/\/gestiobcn.com\/es\/wp-json\/wp\/v2\/tags?post=6253"}],"curies":[{"name":"wp","href":"https:\/\/api.w.org\/{rel}","templated":true}]}}