{"id":5784,"date":"2015-12-09T15:57:06","date_gmt":"2015-12-09T14:57:06","guid":{"rendered":"https:\/\/gestiobcn.com\/?p=5784"},"modified":"2018-08-23T13:12:26","modified_gmt":"2018-08-23T12:12:26","slug":"los-nuevos-limites-para-porder-tributar-en-modulos-el-ano-2016","status":"publish","type":"post","link":"https:\/\/gestiobcn.com\/es\/los-nuevos-limites-para-porder-tributar-en-modulos-el-ano-2016\/","title":{"rendered":"Los nuevos l\u00edmites para poder tributar en M\u00f3dulos el a\u00f1o 2016"},"content":{"rendered":"<p>&nbsp;<\/p>\n<p style=\"text-align: center;\"><span style=\"color: #808080;\"><strong>La Agencia Tributaria ha variado los l\u00edmites que excluir\u00e1 del \u00cdndice de M\u00f3dulos a quien los supere. La exclusi\u00f3n ser\u00e1 con efectos 01 de enero de 2016.<\/strong><\/span><\/p>\n<p>&nbsp;<\/p>\n<p style=\"text-align: justify;\">As\u00ed, hay que revisar la facturaci\u00f3n y el volumen de compras para saber si estamos dentro de los l\u00edmites y en caso de resultar excluidos comunicarlo a Hacienda mediante una declaraci\u00f3n censal, antes del 31 de diciembre de 2015 y acogerse la estimaci\u00f3n directa simplificada , ya que en caso de no hacerlo, se quedar\u00e1 incluido dentro estimaci\u00f3n Directa Normal.<\/p>\n<p style=\"text-align: justify;\">El empresario tambi\u00e9n quedar\u00e1 excluido del R\u00e9gimen Simplificado de IVA y deber\u00e1 llevar una contabilidad ordenada, pero simplificada. Tambi\u00e9n deber\u00e1 emitir facturas y guardar las facturas recibidas.<\/p>\n<p style=\"text-align: justify;\"><span style=\"color: #ffffff;\">.<\/span><\/p>\n<p style=\"text-align: justify;\"><span style=\"color: #333333; text-decoration: underline;\">Los l\u00edmites de exclusi\u00f3n para 2016 y 2017 son los siguientes:<\/span><\/p>\n<ul style=\"list-style-type: square;\">\n<li>Exclusi\u00f3n por volumen de ingresos cuando se superen los \u20ac 250.000.<\/li>\n<\/ul>\n<ul style=\"list-style-type: square;\">\n<li>Exclusi\u00f3n por facturas emitidas cuando se supere el total de 125.000 \u20ac<\/li>\n<\/ul>\n<ul style=\"list-style-type: square;\">\n<li>Exclusi\u00f3n por volumen d&#8217;ingressos de agricultores y ganaderos cuando superen el total de 250.000 \u20ac.<\/li>\n<\/ul>\n<ul style=\"list-style-type: square;\">\n<li>Exclusi\u00f3n por volumen de compras y servicios cuando se superen el \u20ac 250.000<\/li>\n<\/ul>\n<ul style=\"list-style-type: square;\">\n<li>La actividad de transporte de MECAD no puede superar los 4 veh\u00edculos en ning\u00fan momento del a\u00f1o.<\/li>\n<\/ul>\n<p>&nbsp;<\/p>\n<p style=\"text-align: justify;\">Los datos de referencia son del a\u00f1o 2015.<\/p>\n<p style=\"text-align: justify;\">Quedan directamente excluidas las actividades de los grupos 3 (industria del metal), 4 (industria manufacturera) y 5 (construcci\u00f3n y derivados) sometidos a la retenci\u00f3n de 1%.<\/p>\n<p>&nbsp;<\/p>\n<p style=\"text-align: justify;\" align=\"center\"><span style=\"color: #333333;\"><strong>Estos cambios tienen incidencia desde el pr\u00f3ximo 1 de enero de 2016, por lo tanto hay que revisar cada caso antes del 31 de diciembre de 2015<\/strong><\/span><\/p>\n<p>&nbsp;<\/p>\n<p style=\"text-align: center;\" align=\"center\"><span style=\"color: #808000;\"><strong>Asesor\u00eda en Barcelona<\/strong><\/span><\/p>\n<p style=\"text-align: center;\" align=\"center\"><span style=\"color: #808000;\"><strong>SAGARRA i MONTALVO GESTI\u00d3N BCN<\/strong><\/span><\/p>\n","protected":false},"excerpt":{"rendered":"<p>&nbsp; La Agencia Tributaria ha variado los l\u00edmites que excluir\u00e1 del \u00cdndice de M\u00f3dulos a quien los supere. La exclusi\u00f3n ser\u00e1 con efectos 01 de enero de 2016. &nbsp; As\u00ed,&#8230;<\/p>\n","protected":false},"author":2,"featured_media":7492,"comment_status":"open","ping_status":"open","sticky":false,"template":"","format":"standard","meta":{"inline_featured_image":false,"footnotes":""},"categories":[181,38],"tags":[],"class_list":["post-5784","post","type-post","status-publish","format-standard","has-post-thumbnail","hentry","category-area-fiscal","category-sin-categorizar"],"aioseo_notices":[],"aioseo_head":"\n\t\t<!-- All in One SEO 5.0.1.1 - aioseo.com -->\n\t<meta name=\"description\" content=\"Nuevos l\u00edmites para poder tributar por m\u00f3dulos en a\u00f1o 2016\" \/>\n\t<meta name=\"robots\" content=\"max-image-preview:large\" \/>\n\t<meta name=\"author\" content=\"gestiobcn.com\"\/>\n\t<link rel=\"canonical\" href=\"https:\/\/gestiobcn.com\/es\/los-nuevos-limites-para-porder-tributar-en-modulos-el-ano-2016\/\" \/>\n\t<meta name=\"generator\" content=\"All in One SEO (AIOSEO) 5.0.1.1\" \/>\n\t\t<script type=\"application\/ld+json\" class=\"aioseo-schema\">\n\t\t\t{\"@context\":\"https:\\\/\\\/schema.org\",\"@graph\":[{\"@type\":\"Article\",\"@id\":\"https:\\\/\\\/gestiobcn.com\\\/es\\\/los-nuevos-limites-para-porder-tributar-en-modulos-el-ano-2016\\\/#article\",\"name\":\"Nuevos l\\u00edmites para poder tributar por m\\u00f3dulos en a\\u00f1o 2016 | Assessoria SM Gesti\\u00f3 (Barcelona) Fiscal, laboral\",\"headline\":\"Los nuevos l\\u00edmites para poder tributar en M\\u00f3dulos el a\\u00f1o 2016\",\"author\":{\"@id\":\"https:\\\/\\\/gestiobcn.com\\\/es\\\/author\\\/gestiobcn-com\\\/#author\"},\"publisher\":{\"@id\":\"https:\\\/\\\/gestiobcn.com\\\/es\\\/#organization\"},\"image\":{\"@type\":\"ImageObject\",\"url\":\"https:\\\/\\\/gestiobcn.com\\\/wp-content\\\/uploads\\\/2015\\\/12\\\/m\\u00f2duls.jpg\",\"width\":430,\"height\":589},\"datePublished\":\"2015-12-09T15:57:06+01:00\",\"dateModified\":\"2018-08-23T13:12:26+01:00\",\"inLanguage\":\"es-ES\",\"mainEntityOfPage\":{\"@id\":\"https:\\\/\\\/gestiobcn.com\\\/es\\\/los-nuevos-limites-para-porder-tributar-en-modulos-el-ano-2016\\\/#webpage\"},\"isPartOf\":{\"@id\":\"https:\\\/\\\/gestiobcn.com\\\/es\\\/los-nuevos-limites-para-porder-tributar-en-modulos-el-ano-2016\\\/#webpage\"},\"articleSection\":\"Area Fiscal, Sin categorizar\"},{\"@type\":\"BreadcrumbList\",\"@id\":\"https:\\\/\\\/gestiobcn.com\\\/es\\\/los-nuevos-limites-para-porder-tributar-en-modulos-el-ano-2016\\\/#breadcrumblist\",\"itemListElement\":[{\"@type\":\"ListItem\",\"@id\":\"https:\\\/\\\/gestiobcn.com\\\/es\\\/#listItem\",\"position\":1,\"name\":\"Home\",\"item\":\"https:\\\/\\\/gestiobcn.com\\\/es\\\/\",\"nextItem\":{\"@type\":\"ListItem\",\"@id\":\"https:\\\/\\\/gestiobcn.com\\\/es\\\/category\\\/sin-categorizar\\\/#listItem\",\"name\":\"Sin categorizar\"}},{\"@type\":\"ListItem\",\"@id\":\"https:\\\/\\\/gestiobcn.com\\\/es\\\/category\\\/sin-categorizar\\\/#listItem\",\"position\":2,\"name\":\"Sin categorizar\",\"item\":\"https:\\\/\\\/gestiobcn.com\\\/es\\\/category\\\/sin-categorizar\\\/\",\"nextItem\":{\"@type\":\"ListItem\",\"@id\":\"https:\\\/\\\/gestiobcn.com\\\/es\\\/los-nuevos-limites-para-porder-tributar-en-modulos-el-ano-2016\\\/#listItem\",\"name\":\"Los nuevos l\\u00edmites para poder tributar en M\\u00f3dulos el a\\u00f1o 2016\"},\"previousItem\":{\"@type\":\"ListItem\",\"@id\":\"https:\\\/\\\/gestiobcn.com\\\/es\\\/#listItem\",\"name\":\"Home\"}},{\"@type\":\"ListItem\",\"@id\":\"https:\\\/\\\/gestiobcn.com\\\/es\\\/los-nuevos-limites-para-porder-tributar-en-modulos-el-ano-2016\\\/#listItem\",\"position\":3,\"name\":\"Los nuevos l\\u00edmites para poder tributar en M\\u00f3dulos el a\\u00f1o 2016\",\"previousItem\":{\"@type\":\"ListItem\",\"@id\":\"https:\\\/\\\/gestiobcn.com\\\/es\\\/category\\\/sin-categorizar\\\/#listItem\",\"name\":\"Sin categorizar\"}}]},{\"@type\":\"Organization\",\"@id\":\"https:\\\/\\\/gestiobcn.com\\\/es\\\/#organization\",\"name\":\"Sagarra i Montalvo Gesti\\u00f3 BCN SL\",\"description\":\"financial advisor\",\"url\":\"https:\\\/\\\/gestiobcn.com\\\/es\\\/\",\"telephone\":\"+34936673626\",\"logo\":{\"@type\":\"ImageObject\",\"url\":\"https:\\\/\\\/gestiobcn.com\\\/wp-content\\\/uploads\\\/2021\\\/04\\\/fons-verd-quadrat.jpg\",\"@id\":\"https:\\\/\\\/gestiobcn.com\\\/es\\\/los-nuevos-limites-para-porder-tributar-en-modulos-el-ano-2016\\\/#organizationLogo\",\"width\":280,\"height\":280,\"caption\":\"GestioBCN\"},\"image\":{\"@id\":\"https:\\\/\\\/gestiobcn.com\\\/es\\\/los-nuevos-limites-para-porder-tributar-en-modulos-el-ano-2016\\\/#organizationLogo\"}},{\"@type\":\"Person\",\"@id\":\"https:\\\/\\\/gestiobcn.com\\\/es\\\/author\\\/gestiobcn-com\\\/#author\",\"url\":\"https:\\\/\\\/gestiobcn.com\\\/es\\\/author\\\/gestiobcn-com\\\/\",\"name\":\"gestiobcn.com\",\"image\":{\"@type\":\"ImageObject\",\"@id\":\"https:\\\/\\\/gestiobcn.com\\\/es\\\/los-nuevos-limites-para-porder-tributar-en-modulos-el-ano-2016\\\/#authorImage\",\"url\":\"https:\\\/\\\/secure.gravatar.com\\\/avatar\\\/389a875dd476c929f14521a4296056fe4a02d1e911cd5457c7b036d4ae7dfba1?s=96&d=mm&r=g\",\"width\":96,\"height\":96,\"caption\":\"gestiobcn.com\"}},{\"@type\":\"WebPage\",\"@id\":\"https:\\\/\\\/gestiobcn.com\\\/es\\\/los-nuevos-limites-para-porder-tributar-en-modulos-el-ano-2016\\\/#webpage\",\"url\":\"https:\\\/\\\/gestiobcn.com\\\/es\\\/los-nuevos-limites-para-porder-tributar-en-modulos-el-ano-2016\\\/\",\"name\":\"Nuevos l\\u00edmites para poder tributar por m\\u00f3dulos en a\\u00f1o 2016 | Assessoria SM Gesti\\u00f3 (Barcelona) Fiscal, laboral\",\"description\":\"Nuevos l\\u00edmites para poder tributar por m\\u00f3dulos en a\\u00f1o 2016\",\"inLanguage\":\"es-ES\",\"isPartOf\":{\"@id\":\"https:\\\/\\\/gestiobcn.com\\\/es\\\/#website\"},\"breadcrumb\":{\"@id\":\"https:\\\/\\\/gestiobcn.com\\\/es\\\/los-nuevos-limites-para-porder-tributar-en-modulos-el-ano-2016\\\/#breadcrumblist\"},\"author\":{\"@id\":\"https:\\\/\\\/gestiobcn.com\\\/es\\\/author\\\/gestiobcn-com\\\/#author\"},\"creator\":{\"@id\":\"https:\\\/\\\/gestiobcn.com\\\/es\\\/author\\\/gestiobcn-com\\\/#author\"},\"image\":{\"@type\":\"ImageObject\",\"url\":\"https:\\\/\\\/gestiobcn.com\\\/wp-content\\\/uploads\\\/2015\\\/12\\\/m\\u00f2duls.jpg\",\"@id\":\"https:\\\/\\\/gestiobcn.com\\\/es\\\/los-nuevos-limites-para-porder-tributar-en-modulos-el-ano-2016\\\/#mainImage\",\"width\":430,\"height\":589},\"primaryImageOfPage\":{\"@id\":\"https:\\\/\\\/gestiobcn.com\\\/es\\\/los-nuevos-limites-para-porder-tributar-en-modulos-el-ano-2016\\\/#mainImage\"},\"datePublished\":\"2015-12-09T15:57:06+01:00\",\"dateModified\":\"2018-08-23T13:12:26+01:00\"},{\"@type\":\"WebSite\",\"@id\":\"https:\\\/\\\/gestiobcn.com\\\/es\\\/#website\",\"url\":\"https:\\\/\\\/gestiobcn.com\\\/es\\\/\",\"name\":\"Assessoria SM Gesti\\u00f3 (Barcelona) Fiscal, laboral\",\"description\":\"financial advisor\",\"inLanguage\":\"es-ES\",\"publisher\":{\"@id\":\"https:\\\/\\\/gestiobcn.com\\\/es\\\/#organization\"}}]}\n\t\t<\/script>\n\t\t<!-- All in One SEO -->\n\n","aioseo_head_json":{"title":"Nuevos l\u00edmites para poder tributar por m\u00f3dulos en a\u00f1o 2016 | Assessoria SM Gesti\u00f3 (Barcelona) Fiscal, laboral","description":"Nuevos l\u00edmites para poder tributar por m\u00f3dulos en a\u00f1o 2016","canonical_url":"https:\/\/gestiobcn.com\/es\/los-nuevos-limites-para-porder-tributar-en-modulos-el-ano-2016\/","robots":"max-image-preview:large","keywords":"","webmasterTools":{"miscellaneous":""},"schema":{"@context":"https:\/\/schema.org","@graph":[{"@type":"Article","@id":"https:\/\/gestiobcn.com\/es\/los-nuevos-limites-para-porder-tributar-en-modulos-el-ano-2016\/#article","name":"Nuevos l\u00edmites para poder tributar por m\u00f3dulos en a\u00f1o 2016 | Assessoria SM Gesti\u00f3 (Barcelona) Fiscal, laboral","headline":"Los nuevos l\u00edmites para poder tributar en M\u00f3dulos el a\u00f1o 2016","author":{"@id":"https:\/\/gestiobcn.com\/es\/author\/gestiobcn-com\/#author"},"publisher":{"@id":"https:\/\/gestiobcn.com\/es\/#organization"},"image":{"@type":"ImageObject","url":"https:\/\/gestiobcn.com\/wp-content\/uploads\/2015\/12\/m\u00f2duls.jpg","width":430,"height":589},"datePublished":"2015-12-09T15:57:06+01:00","dateModified":"2018-08-23T13:12:26+01:00","inLanguage":"es-ES","mainEntityOfPage":{"@id":"https:\/\/gestiobcn.com\/es\/los-nuevos-limites-para-porder-tributar-en-modulos-el-ano-2016\/#webpage"},"isPartOf":{"@id":"https:\/\/gestiobcn.com\/es\/los-nuevos-limites-para-porder-tributar-en-modulos-el-ano-2016\/#webpage"},"articleSection":"Area Fiscal, Sin categorizar"},{"@type":"BreadcrumbList","@id":"https:\/\/gestiobcn.com\/es\/los-nuevos-limites-para-porder-tributar-en-modulos-el-ano-2016\/#breadcrumblist","itemListElement":[{"@type":"ListItem","@id":"https:\/\/gestiobcn.com\/es\/#listItem","position":1,"name":"Home","item":"https:\/\/gestiobcn.com\/es\/","nextItem":{"@type":"ListItem","@id":"https:\/\/gestiobcn.com\/es\/category\/sin-categorizar\/#listItem","name":"Sin categorizar"}},{"@type":"ListItem","@id":"https:\/\/gestiobcn.com\/es\/category\/sin-categorizar\/#listItem","position":2,"name":"Sin categorizar","item":"https:\/\/gestiobcn.com\/es\/category\/sin-categorizar\/","nextItem":{"@type":"ListItem","@id":"https:\/\/gestiobcn.com\/es\/los-nuevos-limites-para-porder-tributar-en-modulos-el-ano-2016\/#listItem","name":"Los nuevos l\u00edmites para poder tributar en M\u00f3dulos el a\u00f1o 2016"},"previousItem":{"@type":"ListItem","@id":"https:\/\/gestiobcn.com\/es\/#listItem","name":"Home"}},{"@type":"ListItem","@id":"https:\/\/gestiobcn.com\/es\/los-nuevos-limites-para-porder-tributar-en-modulos-el-ano-2016\/#listItem","position":3,"name":"Los nuevos l\u00edmites para poder tributar en M\u00f3dulos el a\u00f1o 2016","previousItem":{"@type":"ListItem","@id":"https:\/\/gestiobcn.com\/es\/category\/sin-categorizar\/#listItem","name":"Sin categorizar"}}]},{"@type":"Organization","@id":"https:\/\/gestiobcn.com\/es\/#organization","name":"Sagarra i Montalvo Gesti\u00f3 BCN SL","description":"financial advisor","url":"https:\/\/gestiobcn.com\/es\/","telephone":"+34936673626","logo":{"@type":"ImageObject","url":"https:\/\/gestiobcn.com\/wp-content\/uploads\/2021\/04\/fons-verd-quadrat.jpg","@id":"https:\/\/gestiobcn.com\/es\/los-nuevos-limites-para-porder-tributar-en-modulos-el-ano-2016\/#organizationLogo","width":280,"height":280,"caption":"GestioBCN"},"image":{"@id":"https:\/\/gestiobcn.com\/es\/los-nuevos-limites-para-porder-tributar-en-modulos-el-ano-2016\/#organizationLogo"}},{"@type":"Person","@id":"https:\/\/gestiobcn.com\/es\/author\/gestiobcn-com\/#author","url":"https:\/\/gestiobcn.com\/es\/author\/gestiobcn-com\/","name":"gestiobcn.com","image":{"@type":"ImageObject","@id":"https:\/\/gestiobcn.com\/es\/los-nuevos-limites-para-porder-tributar-en-modulos-el-ano-2016\/#authorImage","url":"https:\/\/secure.gravatar.com\/avatar\/389a875dd476c929f14521a4296056fe4a02d1e911cd5457c7b036d4ae7dfba1?s=96&d=mm&r=g","width":96,"height":96,"caption":"gestiobcn.com"}},{"@type":"WebPage","@id":"https:\/\/gestiobcn.com\/es\/los-nuevos-limites-para-porder-tributar-en-modulos-el-ano-2016\/#webpage","url":"https:\/\/gestiobcn.com\/es\/los-nuevos-limites-para-porder-tributar-en-modulos-el-ano-2016\/","name":"Nuevos l\u00edmites para poder tributar por m\u00f3dulos en a\u00f1o 2016 | Assessoria SM Gesti\u00f3 (Barcelona) Fiscal, laboral","description":"Nuevos l\u00edmites para poder tributar por m\u00f3dulos en a\u00f1o 2016","inLanguage":"es-ES","isPartOf":{"@id":"https:\/\/gestiobcn.com\/es\/#website"},"breadcrumb":{"@id":"https:\/\/gestiobcn.com\/es\/los-nuevos-limites-para-porder-tributar-en-modulos-el-ano-2016\/#breadcrumblist"},"author":{"@id":"https:\/\/gestiobcn.com\/es\/author\/gestiobcn-com\/#author"},"creator":{"@id":"https:\/\/gestiobcn.com\/es\/author\/gestiobcn-com\/#author"},"image":{"@type":"ImageObject","url":"https:\/\/gestiobcn.com\/wp-content\/uploads\/2015\/12\/m\u00f2duls.jpg","@id":"https:\/\/gestiobcn.com\/es\/los-nuevos-limites-para-porder-tributar-en-modulos-el-ano-2016\/#mainImage","width":430,"height":589},"primaryImageOfPage":{"@id":"https:\/\/gestiobcn.com\/es\/los-nuevos-limites-para-porder-tributar-en-modulos-el-ano-2016\/#mainImage"},"datePublished":"2015-12-09T15:57:06+01:00","dateModified":"2018-08-23T13:12:26+01:00"},{"@type":"WebSite","@id":"https:\/\/gestiobcn.com\/es\/#website","url":"https:\/\/gestiobcn.com\/es\/","name":"Assessoria SM Gesti\u00f3 (Barcelona) Fiscal, laboral","description":"financial advisor","inLanguage":"es-ES","publisher":{"@id":"https:\/\/gestiobcn.com\/es\/#organization"}}]}},"aioseo_meta_data":{"post_id":"5784","title":"Nuevos l\u00edmites para poder tributar por m\u00f3dulos en a\u00f1o 2016 | #site_title","description":"Nuevos l\u00edmites para poder tributar por m\u00f3dulos en a\u00f1o 2016","keywords":[{"label":"asesoria fiscal","value":"asesoria fiscal"},{"label":"IVA","value":"IVA"},{"label":"M\u00f3dulis","value":"M\u00f3dulis"},{"label":"IRPF","value":"IRPF"}],"keyphrases":null,"primary_term":null,"canonical_url":null,"og_title":null,"og_description":null,"og_object_type":"default","og_image_type":"default","og_image_url":null,"og_image_width":null,"og_image_height":null,"og_image_custom_url":null,"og_image_custom_fields":null,"og_video":null,"og_custom_url":null,"og_article_section":null,"og_article_tags":null,"twitter_use_og":false,"twitter_card":"default","twitter_image_type":"default","twitter_image_url":null,"twitter_image_custom_url":null,"twitter_image_custom_fields":null,"twitter_title":null,"twitter_description":null,"schema":{"blockGraphs":[],"customGraphs":[],"default":{"data":{"Article":[],"Course":[],"Dataset":[],"FAQPage":[],"Movie":[],"Person":[],"Product":[],"ProductReview":[],"Car":[],"Recipe":[],"Service":[],"SoftwareApplication":[],"WebPage":[]},"graphName":"Article","isEnabled":true},"graphs":[]},"schema_type":null,"schema_type_options":null,"pillar_content":false,"robots_default":true,"robots_noindex":false,"robots_noarchive":false,"robots_nosnippet":false,"robots_nofollow":false,"robots_noimageindex":false,"robots_noodp":false,"robots_notranslate":false,"robots_max_snippet":null,"robots_max_videopreview":null,"robots_max_imagepreview":"large","priority":null,"frequency":null,"local_seo":null,"breadcrumb_settings":null,"limit_modified_date":false,"ai":null,"created":"2021-04-02 09:05:29","updated":"2025-11-20 04:37:34","seo_analyzer_scan_date":null,"focus_keyword":null,"additional_keywords":null,"truseo_locale":null},"_links":{"self":[{"href":"https:\/\/gestiobcn.com\/es\/wp-json\/wp\/v2\/posts\/5784","targetHints":{"allow":["GET"]}}],"collection":[{"href":"https:\/\/gestiobcn.com\/es\/wp-json\/wp\/v2\/posts"}],"about":[{"href":"https:\/\/gestiobcn.com\/es\/wp-json\/wp\/v2\/types\/post"}],"author":[{"embeddable":true,"href":"https:\/\/gestiobcn.com\/es\/wp-json\/wp\/v2\/users\/2"}],"replies":[{"embeddable":true,"href":"https:\/\/gestiobcn.com\/es\/wp-json\/wp\/v2\/comments?post=5784"}],"version-history":[{"count":0,"href":"https:\/\/gestiobcn.com\/es\/wp-json\/wp\/v2\/posts\/5784\/revisions"}],"wp:featuredmedia":[{"embeddable":true,"href":"https:\/\/gestiobcn.com\/es\/wp-json\/wp\/v2\/media\/7492"}],"wp:attachment":[{"href":"https:\/\/gestiobcn.com\/es\/wp-json\/wp\/v2\/media?parent=5784"}],"wp:term":[{"taxonomy":"category","embeddable":true,"href":"https:\/\/gestiobcn.com\/es\/wp-json\/wp\/v2\/categories?post=5784"},{"taxonomy":"post_tag","embeddable":true,"href":"https:\/\/gestiobcn.com\/es\/wp-json\/wp\/v2\/tags?post=5784"}],"curies":[{"name":"wp","href":"https:\/\/api.w.org\/{rel}","templated":true}]}}