{"id":5058,"date":"2015-03-23T15:04:00","date_gmt":"2015-03-23T14:04:00","guid":{"rendered":"https:\/\/gestiobcn.com\/?p=5058"},"modified":"2018-08-28T11:41:53","modified_gmt":"2018-08-28T10:41:53","slug":"calculo-de-la-prorrata-especial-a-partir-del-2015","status":"publish","type":"post","link":"https:\/\/gestiobcn.com\/es\/calculo-de-la-prorrata-especial-a-partir-del-2015\/","title":{"rendered":"C\u00e1lculo de la Prorrata Especial a partir del 2015"},"content":{"rendered":"<h2 style=\"text-align: center;\"><\/h2>\n<p style=\"text-align: justify;\"><span style=\"color: #ffffff;\">.<\/span>La prorrata del IVA se establece en los art\u00edculos 103 a 107 de la Ley 37\/1992 del IVA.<\/p>\n<p style=\"text-align: justify;\">La aplicaci\u00f3n de la prorrata surge obligatoriamente en empresarios, profesionales o entidades que realizan operaciones sujetas al impuesto que dan derecho a la deducci\u00f3n del IVA y otras sujetas pero exentas que no dan derecho a dicha deducci\u00f3n.<\/p>\n<p style=\"text-align: justify;\"><span style=\"text-decoration: underline;\">\u00bfQu\u00e9 operaciones no dan derecho a la deducci\u00f3n de IVA?<\/span> Ser\u00eda la realizaci\u00f3n de operaciones sujetas y exentas limitadamente (formaci\u00f3n, alquiler de viviendas, etc..). No se incluyen operaciones exentas como las exportaciones.<\/p>\n<p style=\"text-align: justify;\">Entendemos por prorrata el porcentaje que nos indica que parte del IVA soportado es deducible. Esta prorrata se aplica a todas las cuotas soportadas deducibles excepto las que se originan en las importaciones, adquisiciones intracomunitarias, etc..<\/p>\n<p style=\"text-align: justify;\">Dentro de la prorrata se tiene la opci\u00f3n de aplicar la regla de la prorrata general o la regla de prorrata especial, siempre y cuando no estemos ante un supuesto de sectores diferenciados.<\/p>\n<p style=\"text-align: justify;\"><span style=\"color: #ffffff;\">.<\/span><\/p>\n<p style=\"text-align: justify;\"><strong>PRORRATA GENERAL<\/strong><\/p>\n<p style=\"text-align: justify;\">Se aplicar\u00e1 cuando no se cumplan los requisitos para poder aplicar la prorrata especial. Se podr\u00e1 deducir el impuesto soportado en proporci\u00f3n a las ventas que generan el derecho a deducir con respecto al total de las ventas.<\/p>\n<p style=\"text-align: justify;\">\u00a0 \u00a0 \u00a0 \u00a0 \u00a0 \u00a0 \u00a0 \u00a0 \u00a0 \u00a0 \u00a0 \u00a0 \u00a0 \u00a0 \u00a0 \u00a0 \u00a0 \u00a0 \u00a0 \u00a0 \u00a0 \u00a0 \u00a0Ventas sujetas y no exentas<\/p>\n<p style=\"text-align: justify;\">% Prorrata General = &#8212;&#8212;&#8212;&#8212;&#8212;&#8212;&#8212;&#8212;&#8212;&#8212;&#8212;&#8212;&#8212;&#8212;&#8212;&#8211; = % que debemos aplicar al IVA soportado<\/p>\n<p style=\"text-align: justify;\">\u00a0\u00a0\u00a0\u00a0\u00a0\u00a0\u00a0\u00a0\u00a0\u00a0\u00a0\u00a0\u00a0\u00a0\u00a0\u00a0\u00a0\u00a0\u00a0\u00a0\u00a0\u00a0\u00a0\u00a0\u00a0\u00a0\u00a0\u00a0\u00a0\u00a0\u00a0\u00a0\u00a0\u00a0\u00a0\u00a0\u00a0\u00a0\u00a0\u00a0\u00a0\u00a0\u00a0\u00a0\u00a0\u00a0 \u00a0\u00a0\u00a0\u00a0\u00a0\u00a0\u00a0\u00a0\u00a0 Ventas totales<\/p>\n<p style=\"text-align: justify;\"><span style=\"color: #ffffff;\">\u00a0.<\/span><\/p>\n<p style=\"text-align: justify;\"><strong>PRORRATA ESPECIAL<\/strong><\/p>\n<p style=\"text-align: justify;\">Se aplicar\u00e1 o por voluntad del sujeto pasivo o de forma obligatoria cuando el total de las cuotas deducibles en un a\u00f1o natural por aplicaci\u00f3n de la regla de prorrata general exceda en un 10% del que resultar\u00eda por aplicaci\u00f3n de la regla de prorrata especial.<\/p>\n<p style=\"text-align: justify;\">El cambio normativo introducido por la Ley 28\/2014 reduce de un 20% a un 10% el porcentaje legalmente establecido.<\/p>\n<p style=\"text-align: justify;\">La cantidad de IVA deducible se obtendr\u00e1 procediendo de la siguiente forma:<\/p>\n<p style=\"text-align: justify;\">a)\u00a0\u00a0\u00a0\u00a0\u00a0 IVA soportado de las actividades con derecho a deducci\u00f3n<\/p>\n<p style=\"text-align: justify;\">b)\u00a0\u00a0\u00a0\u00a0\u00a0 IVA soportado en los gastos comunes aplicando el % de prorrata general<\/p>\n<p style=\"text-align: justify;\"><span style=\"color: #ffffff;\">\u00a0.<\/span><\/p>\n<p style=\"text-align: justify;\"><em>Ejemplo:<\/em><\/p>\n<p style=\"text-align: justify;\"><em>Ingresos por actividad exenta de IVA: 300.000,00<\/em><\/p>\n<p style=\"text-align: justify;\"><em>Ingresos actividad sujeta a IVA: 150.000,00<\/em><\/p>\n<p style=\"text-align: justify;\"><em><span style=\"text-decoration: underline;\">Total ingresos: 450.000,00<\/span><\/em><\/p>\n<p>&nbsp;<\/p>\n<p style=\"text-align: justify;\"><em>Cuotas IVA soportado actividad exenta: 25.000,00<\/em><\/p>\n<p style=\"text-align: justify;\"><em>Cuotas IVA soportado actividad no exenta: 7.500,00<\/em><\/p>\n<p style=\"text-align: justify;\"><em>Cuotas IVA soportado servicios comunes: 6.800,00<\/em><\/p>\n<p style=\"text-align: justify;\"><em><span style=\"text-decoration: underline;\">Total IVA soportado: 39.300,00<\/span><\/em><\/p>\n<p>&nbsp;<\/p>\n<p style=\"text-align: justify;\"><em><strong><span style=\"text-decoration: underline;\">C\u00e1lculo Prorrata General:<\/span><\/strong><\/em><\/p>\n<p style=\"text-align: justify;\"><em>Prorrata = 150.000,00 \/ 450.000,00 = 33,33 -&gt; 34 %<\/em><\/p>\n<p style=\"text-align: justify;\"><em>Cuota deducible con prorrata general = 34% * 39.300,00 = 13.362,00<\/em><\/p>\n<p>&nbsp;<\/p>\n<p style=\"text-align: justify;\"><em><strong><span style=\"text-decoration: underline;\">C\u00e1lculo Prorrata Especial:<\/span><\/strong><\/em><\/p>\n<p style=\"text-align: justify;\"><em>IVA deducible actividad exenta: 0,00<\/em><\/p>\n<p style=\"text-align: justify;\"><em>IVA deducible actividad no exenta: 7.500,00<\/em><\/p>\n<p style=\"text-align: justify;\"><em>IVA deducible servicios comunes: 34% * 6.800,00 = 2.312,00<\/em><\/p>\n<p style=\"text-align: justify;\"><em><span style=\"text-decoration: underline;\">Total deducible con prorrata especial: 9.812,00<\/span><\/em><\/p>\n<p>&nbsp;<\/p>\n<p style=\"text-align: justify;\"><em>9.812,00 * 1,10 = 10.793,20 l\u00edmite para aplicar la prorrata general<\/em><\/p>\n<p style=\"text-align: justify;\"><em>Prorrata general = 13.362,00 &gt; 10.793,20 -&gt; No podemos aplicar la prorrata general, sino que estamos sometidos a la aplicaci\u00f3n de la prorrata especial.<\/em><\/p>\n<p><span style=\"color: #ffffff;\">.<\/span><\/p>\n<p style=\"text-align: center;\"><strong><span style=\"color: #808000;\">Asesor\u00eda en Barcelona<\/span><\/strong><\/p>\n<p style=\"text-align: center;\"><strong><span style=\"color: #808000;\">Sagarra i Montalvo Gesti\u00f3 BCN<\/span><\/strong><\/p>\n<p>&nbsp;<\/p>\n<p>&nbsp;<\/p>\n","protected":false},"excerpt":{"rendered":"<p>.La prorrata del IVA se establece en los art\u00edculos 103 a 107 de la Ley 37\/1992 del IVA. La aplicaci\u00f3n de la prorrata surge obligatoriamente en empresarios, profesionales o entidades&#8230;<\/p>\n","protected":false},"author":2,"featured_media":9597,"comment_status":"open","ping_status":"open","sticky":false,"template":"","format":"standard","meta":{"inline_featured_image":false,"footnotes":""},"categories":[181,224,198,38],"tags":[],"class_list":["post-5058","post","type-post","status-publish","format-standard","has-post-thumbnail","hentry","category-area-fiscal","category-asociaciones-2","category-fundaciones","category-sin-categorizar"],"aioseo_notices":[],"_links":{"self":[{"href":"https:\/\/gestiobcn.com\/es\/wp-json\/wp\/v2\/posts\/5058","targetHints":{"allow":["GET"]}}],"collection":[{"href":"https:\/\/gestiobcn.com\/es\/wp-json\/wp\/v2\/posts"}],"about":[{"href":"https:\/\/gestiobcn.com\/es\/wp-json\/wp\/v2\/types\/post"}],"author":[{"embeddable":true,"href":"https:\/\/gestiobcn.com\/es\/wp-json\/wp\/v2\/users\/2"}],"replies":[{"embeddable":true,"href":"https:\/\/gestiobcn.com\/es\/wp-json\/wp\/v2\/comments?post=5058"}],"version-history":[{"count":0,"href":"https:\/\/gestiobcn.com\/es\/wp-json\/wp\/v2\/posts\/5058\/revisions"}],"wp:featuredmedia":[{"embeddable":true,"href":"https:\/\/gestiobcn.com\/es\/wp-json\/wp\/v2\/media\/9597"}],"wp:attachment":[{"href":"https:\/\/gestiobcn.com\/es\/wp-json\/wp\/v2\/media?parent=5058"}],"wp:term":[{"taxonomy":"category","embeddable":true,"href":"https:\/\/gestiobcn.com\/es\/wp-json\/wp\/v2\/categories?post=5058"},{"taxonomy":"post_tag","embeddable":true,"href":"https:\/\/gestiobcn.com\/es\/wp-json\/wp\/v2\/tags?post=5058"}],"curies":[{"name":"wp","href":"https:\/\/api.w.org\/{rel}","templated":true}]}}