{"id":4201,"date":"2014-05-13T10:31:01","date_gmt":"2014-05-13T09:31:01","guid":{"rendered":"https:\/\/gestiobcn.com\/?p=4201"},"modified":"2019-02-12T16:31:50","modified_gmt":"2019-02-12T15:31:50","slug":"suspensiones-de-contratos-por","status":"publish","type":"post","link":"https:\/\/gestiobcn.com\/es\/suspensiones-de-contratos-por\/","title":{"rendered":"Suspensiones de contratos por&#8230;.."},"content":{"rendered":"<p>&nbsp;<\/p>\n<p style=\"text-align: center;\">\u00a0\u00a0\u00a0\u00a0\u00a0\u00a0\u00a0\u00a0\u00a0\u00a0\u00a0\u00a0<span style=\"color: #333333;\">\u00a0<span style=\"font-size: 14pt;\"><strong> Suspensiones de contratos por &#8230;&#8230;..<\/strong><\/span><\/span><\/p>\n<p>&nbsp;<\/p>\n<p style=\"text-align: justify;\"><span style=\"text-decoration: underline;\"><span style=\"color: #000000; font-size: 10pt; text-decoration: underline;\">&#8230;&#8230;&#8230;.PARTO\/ MATERNIDAD<\/span><\/span><\/p>\n<p style=\"text-align: justify;\">Seg\u00fan recoger el art\u00edculo 48.4 del Estatuto de los Trabajadores, la suspensi\u00f3n en el supuesto de parto tiene una duraci\u00f3n de 16 semanas ininterrumpidas y ampliables para los supuestos de parto m\u00faltiple en dos semanas por cada hijo a partir del segundo.<\/p>\n<p style=\"text-align: justify;\">Las trabajadoras\u00a0 que no re\u00fanan el requisito de carencia para causar derecho a la prestaci\u00f3n econ\u00f3mica por maternidad, tendr\u00e1n derecho a un subsidio de naturaleza no contributiva por importe igual al 100% del IPREM (en 2014 de 532,51 euros\/mes) por un periodo de 42 d\u00edas naturales a contar desde el parto. En supuestos de nacimientos de hijos en familias numerosas, en familias monoparentales,\u00a0 en supuestos de parto m\u00faltiple o cuando la madre o el hijo est\u00e9n afectados de discapacidad en un grado igual o superior al 65%,\u00a0 el periodo se incrementar\u00e1 en 14 d\u00edas naturales.<\/p>\n<p><span style=\"color: #ffffff;\">\u00a0.<\/span><\/p>\n<p style=\"text-align: justify;\"><span style=\"text-decoration: underline;\"><span style=\"color: #000000; font-size: 10pt; text-decoration: underline;\">&#8230;&#8230;&#8230;.PATERNIDAD<\/span><\/span><\/p>\n<p style=\"text-align: justify;\">Recogido en el art\u00edculo 48.bis del Estatuto de los Trabajadores, el trabajador tendr\u00e1 derecho a la suspensi\u00f3n del contrato durante 13 d\u00edas ininterrumpidos y ampliables en los supuestos de parto, adopci\u00f3n o acogimiento m\u00faltiple en dos d\u00edas m\u00e1s por cada hijo a partir del segundo.<\/p>\n<p style=\"text-align: justify;\">Cuando el nuevo nacimiento, adopci\u00f3n o acogimiento se produzca en el seno de una familia numerosa o cuando haya en la familia un miembro con discapacidad en grado igual o superior al 33 por ciento el permiso podr\u00e1 ser ampliado hasta 20 d\u00edas.<\/p>\n<p style=\"text-align: justify;\">La suspensi\u00f3n podr\u00e1 disfrutarse en r\u00e9gimen de jornada completa o jornada parcial de un m\u00ednimo del 50 por ciento, previo acuerdo entre empresario y trabajador. Debiendo el trabajador comunicar al empresario, con la debida antelaci\u00f3n, el ejercicio de este derecho en los t\u00e9rminos establecidos, en su caso, en los convenios colectivos.<\/p>\n<p>&nbsp;<\/p>\n<p style=\"text-align: justify;\"><span style=\"text-decoration: underline;\"><span style=\"color: #000000; font-size: 10pt; text-decoration: underline;\">&#8230;&#8230;&#8230;.PARTO PREMATURO<\/span><\/span><\/p>\n<p style=\"text-align: justify;\">Recoge el art\u00edculo 44.8 del estatuto de los Trabajadores que en los casos de parto prematuro y en los que por cualquier causa, el neonato deba permanecer hospitalizado a continuaci\u00f3n del parto, el periodo puede empezar a computarse a partir de la fecha del alta hospitalaria.\u00a0 Se excluyen de este c\u00f3mputo las seis semanas posteriores al parto, de suspensi\u00f3n obligatoria del contrato de la madre.<\/p>\n<p style=\"text-align: justify;\">En partos prematuros por falta de peso y aquellos en los que el neonato precise hospitalizaci\u00f3n a continuaci\u00f3n del parto, siempre que el periodo sea superior a siete d\u00edas y siendo el periodo m\u00e1ximo de trece semanas adicionales.<\/p>\n<p><span style=\"color: #ffffff;\">\u00a0.<\/span><\/p>\n<p style=\"text-align: justify;\"><span style=\"text-decoration: underline;\"><span style=\"color: #000000; font-size: 10pt; text-decoration: underline;\">&#8230;&#8230;&#8230;.RIESGO DURANTE EL EMBARAZO<\/span><\/span><\/p>\n<p style=\"text-align: justify;\">En este supuesto y tambi\u00e9n por riesgo durante la lactancia natural, la suspensi\u00f3n finaliza el d\u00eda en que se inicie\u00a0 la suspensi\u00f3n del contrato por maternidad biol\u00f3gica o cuando el lactante cumpla 9 meses, respectivamente, o en ambos casos, cuando desaparezca la imposibilidad de la trabajadora de reincorporarse a su puesto anterior o a otro compatible con su estado.<\/p>\n<p>&nbsp;<\/p>\n<p style=\"text-align: center;\"><strong><span style=\"color: #808000;\">Asessor\u00eda en Barcelona<\/span><\/strong><\/p>\n<p style=\"text-align: center;\"><strong><span style=\"color: #808000;\">SAGARRA I MONTALVO GESTI\u00d3 BCN<\/span><\/strong><\/p>\n<p>&nbsp;<\/p>\n","protected":false},"excerpt":{"rendered":"<p>&nbsp; \u00a0\u00a0\u00a0\u00a0\u00a0\u00a0\u00a0\u00a0\u00a0\u00a0\u00a0\u00a0\u00a0 Suspensiones de contratos por &#8230;&#8230;.. &nbsp; &#8230;&#8230;&#8230;.PARTO\/ MATERNIDAD Seg\u00fan recoger el art\u00edculo 48.4 del Estatuto de los Trabajadores, la suspensi\u00f3n en el supuesto de parto tiene una duraci\u00f3n&#8230;<\/p>\n","protected":false},"author":2,"featured_media":8243,"comment_status":"open","ping_status":"open","sticky":false,"template":"","format":"standard","meta":{"inline_featured_image":false,"footnotes":""},"categories":[182,38],"tags":[],"class_list":["post-4201","post","type-post","status-publish","format-standard","has-post-thumbnail","hentry","category-area-laboral","category-sin-categorizar"],"aioseo_notices":[],"aioseo_head":"\n\t\t<!-- All in One SEO 5.0.1.1 - aioseo.com -->\n\t<meta name=\"description\" content=\"Algunas de las suspensiones de contrato\" \/>\n\t<meta name=\"robots\" content=\"max-image-preview:large\" \/>\n\t<meta name=\"author\" content=\"gestiobcn.com\"\/>\n\t<link rel=\"canonical\" href=\"https:\/\/gestiobcn.com\/es\/suspensiones-de-contratos-por\/\" \/>\n\t<meta name=\"generator\" content=\"All in One SEO (AIOSEO) 5.0.1.1\" \/>\n\t\t<script type=\"application\/ld+json\" class=\"aioseo-schema\">\n\t\t\t{\"@context\":\"https:\\\/\\\/schema.org\",\"@graph\":[{\"@type\":\"Article\",\"@id\":\"https:\\\/\\\/gestiobcn.com\\\/es\\\/suspensiones-de-contratos-por\\\/#article\",\"name\":\"Suspensiones de contrato | Assessoria SM Gesti\\u00f3 (Barcelona) Fiscal, laboral\",\"headline\":\"Suspensiones de contratos por&#8230;..\",\"author\":{\"@id\":\"https:\\\/\\\/gestiobcn.com\\\/es\\\/author\\\/gestiobcn-com\\\/#author\"},\"publisher\":{\"@id\":\"https:\\\/\\\/gestiobcn.com\\\/es\\\/#organization\"},\"image\":{\"@type\":\"ImageObject\",\"url\":\"https:\\\/\\\/gestiobcn.com\\\/wp-content\\\/uploads\\\/2014\\\/05\\\/11745890-dom-dibujado-y-casa-en-las-manos-del-bebe-primavera-concepto111.jpg\",\"width\":168,\"height\":135},\"datePublished\":\"2014-05-13T10:31:01+01:00\",\"dateModified\":\"2019-02-12T16:31:50+01:00\",\"inLanguage\":\"es-ES\",\"mainEntityOfPage\":{\"@id\":\"https:\\\/\\\/gestiobcn.com\\\/es\\\/suspensiones-de-contratos-por\\\/#webpage\"},\"isPartOf\":{\"@id\":\"https:\\\/\\\/gestiobcn.com\\\/es\\\/suspensiones-de-contratos-por\\\/#webpage\"},\"articleSection\":\"Area Laboral, Sin categorizar\"},{\"@type\":\"BreadcrumbList\",\"@id\":\"https:\\\/\\\/gestiobcn.com\\\/es\\\/suspensiones-de-contratos-por\\\/#breadcrumblist\",\"itemListElement\":[{\"@type\":\"ListItem\",\"@id\":\"https:\\\/\\\/gestiobcn.com\\\/es\\\/#listItem\",\"position\":1,\"name\":\"Home\",\"item\":\"https:\\\/\\\/gestiobcn.com\\\/es\\\/\",\"nextItem\":{\"@type\":\"ListItem\",\"@id\":\"https:\\\/\\\/gestiobcn.com\\\/es\\\/category\\\/sin-categorizar\\\/#listItem\",\"name\":\"Sin categorizar\"}},{\"@type\":\"ListItem\",\"@id\":\"https:\\\/\\\/gestiobcn.com\\\/es\\\/category\\\/sin-categorizar\\\/#listItem\",\"position\":2,\"name\":\"Sin categorizar\",\"item\":\"https:\\\/\\\/gestiobcn.com\\\/es\\\/category\\\/sin-categorizar\\\/\",\"nextItem\":{\"@type\":\"ListItem\",\"@id\":\"https:\\\/\\\/gestiobcn.com\\\/es\\\/suspensiones-de-contratos-por\\\/#listItem\",\"name\":\"Suspensiones de contratos por&#8230;..\"},\"previousItem\":{\"@type\":\"ListItem\",\"@id\":\"https:\\\/\\\/gestiobcn.com\\\/es\\\/#listItem\",\"name\":\"Home\"}},{\"@type\":\"ListItem\",\"@id\":\"https:\\\/\\\/gestiobcn.com\\\/es\\\/suspensiones-de-contratos-por\\\/#listItem\",\"position\":3,\"name\":\"Suspensiones de contratos por&#8230;..\",\"previousItem\":{\"@type\":\"ListItem\",\"@id\":\"https:\\\/\\\/gestiobcn.com\\\/es\\\/category\\\/sin-categorizar\\\/#listItem\",\"name\":\"Sin categorizar\"}}]},{\"@type\":\"Organization\",\"@id\":\"https:\\\/\\\/gestiobcn.com\\\/es\\\/#organization\",\"name\":\"Sagarra i Montalvo Gesti\\u00f3 BCN SL\",\"description\":\"financial advisor\",\"url\":\"https:\\\/\\\/gestiobcn.com\\\/es\\\/\",\"telephone\":\"+34936673626\",\"logo\":{\"@type\":\"ImageObject\",\"url\":\"https:\\\/\\\/gestiobcn.com\\\/wp-content\\\/uploads\\\/2021\\\/04\\\/fons-verd-quadrat.jpg\",\"@id\":\"https:\\\/\\\/gestiobcn.com\\\/es\\\/suspensiones-de-contratos-por\\\/#organizationLogo\",\"width\":280,\"height\":280,\"caption\":\"GestioBCN\"},\"image\":{\"@id\":\"https:\\\/\\\/gestiobcn.com\\\/es\\\/suspensiones-de-contratos-por\\\/#organizationLogo\"}},{\"@type\":\"Person\",\"@id\":\"https:\\\/\\\/gestiobcn.com\\\/es\\\/author\\\/gestiobcn-com\\\/#author\",\"url\":\"https:\\\/\\\/gestiobcn.com\\\/es\\\/author\\\/gestiobcn-com\\\/\",\"name\":\"gestiobcn.com\",\"image\":{\"@type\":\"ImageObject\",\"@id\":\"https:\\\/\\\/gestiobcn.com\\\/es\\\/suspensiones-de-contratos-por\\\/#authorImage\",\"url\":\"https:\\\/\\\/secure.gravatar.com\\\/avatar\\\/389a875dd476c929f14521a4296056fe4a02d1e911cd5457c7b036d4ae7dfba1?s=96&d=mm&r=g\",\"width\":96,\"height\":96,\"caption\":\"gestiobcn.com\"}},{\"@type\":\"WebPage\",\"@id\":\"https:\\\/\\\/gestiobcn.com\\\/es\\\/suspensiones-de-contratos-por\\\/#webpage\",\"url\":\"https:\\\/\\\/gestiobcn.com\\\/es\\\/suspensiones-de-contratos-por\\\/\",\"name\":\"Suspensiones de contrato | Assessoria SM Gesti\\u00f3 (Barcelona) Fiscal, laboral\",\"description\":\"Algunas de las suspensiones de contrato\",\"inLanguage\":\"es-ES\",\"isPartOf\":{\"@id\":\"https:\\\/\\\/gestiobcn.com\\\/es\\\/#website\"},\"breadcrumb\":{\"@id\":\"https:\\\/\\\/gestiobcn.com\\\/es\\\/suspensiones-de-contratos-por\\\/#breadcrumblist\"},\"author\":{\"@id\":\"https:\\\/\\\/gestiobcn.com\\\/es\\\/author\\\/gestiobcn-com\\\/#author\"},\"creator\":{\"@id\":\"https:\\\/\\\/gestiobcn.com\\\/es\\\/author\\\/gestiobcn-com\\\/#author\"},\"image\":{\"@type\":\"ImageObject\",\"url\":\"https:\\\/\\\/gestiobcn.com\\\/wp-content\\\/uploads\\\/2014\\\/05\\\/11745890-dom-dibujado-y-casa-en-las-manos-del-bebe-primavera-concepto111.jpg\",\"@id\":\"https:\\\/\\\/gestiobcn.com\\\/es\\\/suspensiones-de-contratos-por\\\/#mainImage\",\"width\":168,\"height\":135},\"primaryImageOfPage\":{\"@id\":\"https:\\\/\\\/gestiobcn.com\\\/es\\\/suspensiones-de-contratos-por\\\/#mainImage\"},\"datePublished\":\"2014-05-13T10:31:01+01:00\",\"dateModified\":\"2019-02-12T16:31:50+01:00\"},{\"@type\":\"WebSite\",\"@id\":\"https:\\\/\\\/gestiobcn.com\\\/es\\\/#website\",\"url\":\"https:\\\/\\\/gestiobcn.com\\\/es\\\/\",\"name\":\"Assessoria SM Gesti\\u00f3 (Barcelona) Fiscal, laboral\",\"description\":\"financial advisor\",\"inLanguage\":\"es-ES\",\"publisher\":{\"@id\":\"https:\\\/\\\/gestiobcn.com\\\/es\\\/#organization\"}}]}\n\t\t<\/script>\n\t\t<!-- All in One SEO -->\n\n","aioseo_head_json":{"title":"Suspensiones de contrato | Assessoria SM Gesti\u00f3 (Barcelona) Fiscal, laboral","description":"Algunas de las suspensiones de contrato","canonical_url":"https:\/\/gestiobcn.com\/es\/suspensiones-de-contratos-por\/","robots":"max-image-preview:large","keywords":"","webmasterTools":{"miscellaneous":""},"schema":{"@context":"https:\/\/schema.org","@graph":[{"@type":"Article","@id":"https:\/\/gestiobcn.com\/es\/suspensiones-de-contratos-por\/#article","name":"Suspensiones de contrato | Assessoria SM Gesti\u00f3 (Barcelona) Fiscal, laboral","headline":"Suspensiones de contratos por&#8230;..","author":{"@id":"https:\/\/gestiobcn.com\/es\/author\/gestiobcn-com\/#author"},"publisher":{"@id":"https:\/\/gestiobcn.com\/es\/#organization"},"image":{"@type":"ImageObject","url":"https:\/\/gestiobcn.com\/wp-content\/uploads\/2014\/05\/11745890-dom-dibujado-y-casa-en-las-manos-del-bebe-primavera-concepto111.jpg","width":168,"height":135},"datePublished":"2014-05-13T10:31:01+01:00","dateModified":"2019-02-12T16:31:50+01:00","inLanguage":"es-ES","mainEntityOfPage":{"@id":"https:\/\/gestiobcn.com\/es\/suspensiones-de-contratos-por\/#webpage"},"isPartOf":{"@id":"https:\/\/gestiobcn.com\/es\/suspensiones-de-contratos-por\/#webpage"},"articleSection":"Area Laboral, Sin categorizar"},{"@type":"BreadcrumbList","@id":"https:\/\/gestiobcn.com\/es\/suspensiones-de-contratos-por\/#breadcrumblist","itemListElement":[{"@type":"ListItem","@id":"https:\/\/gestiobcn.com\/es\/#listItem","position":1,"name":"Home","item":"https:\/\/gestiobcn.com\/es\/","nextItem":{"@type":"ListItem","@id":"https:\/\/gestiobcn.com\/es\/category\/sin-categorizar\/#listItem","name":"Sin categorizar"}},{"@type":"ListItem","@id":"https:\/\/gestiobcn.com\/es\/category\/sin-categorizar\/#listItem","position":2,"name":"Sin categorizar","item":"https:\/\/gestiobcn.com\/es\/category\/sin-categorizar\/","nextItem":{"@type":"ListItem","@id":"https:\/\/gestiobcn.com\/es\/suspensiones-de-contratos-por\/#listItem","name":"Suspensiones de contratos por&#8230;.."},"previousItem":{"@type":"ListItem","@id":"https:\/\/gestiobcn.com\/es\/#listItem","name":"Home"}},{"@type":"ListItem","@id":"https:\/\/gestiobcn.com\/es\/suspensiones-de-contratos-por\/#listItem","position":3,"name":"Suspensiones de contratos por&#8230;..","previousItem":{"@type":"ListItem","@id":"https:\/\/gestiobcn.com\/es\/category\/sin-categorizar\/#listItem","name":"Sin categorizar"}}]},{"@type":"Organization","@id":"https:\/\/gestiobcn.com\/es\/#organization","name":"Sagarra i Montalvo Gesti\u00f3 BCN SL","description":"financial advisor","url":"https:\/\/gestiobcn.com\/es\/","telephone":"+34936673626","logo":{"@type":"ImageObject","url":"https:\/\/gestiobcn.com\/wp-content\/uploads\/2021\/04\/fons-verd-quadrat.jpg","@id":"https:\/\/gestiobcn.com\/es\/suspensiones-de-contratos-por\/#organizationLogo","width":280,"height":280,"caption":"GestioBCN"},"image":{"@id":"https:\/\/gestiobcn.com\/es\/suspensiones-de-contratos-por\/#organizationLogo"}},{"@type":"Person","@id":"https:\/\/gestiobcn.com\/es\/author\/gestiobcn-com\/#author","url":"https:\/\/gestiobcn.com\/es\/author\/gestiobcn-com\/","name":"gestiobcn.com","image":{"@type":"ImageObject","@id":"https:\/\/gestiobcn.com\/es\/suspensiones-de-contratos-por\/#authorImage","url":"https:\/\/secure.gravatar.com\/avatar\/389a875dd476c929f14521a4296056fe4a02d1e911cd5457c7b036d4ae7dfba1?s=96&d=mm&r=g","width":96,"height":96,"caption":"gestiobcn.com"}},{"@type":"WebPage","@id":"https:\/\/gestiobcn.com\/es\/suspensiones-de-contratos-por\/#webpage","url":"https:\/\/gestiobcn.com\/es\/suspensiones-de-contratos-por\/","name":"Suspensiones de contrato | Assessoria SM Gesti\u00f3 (Barcelona) Fiscal, laboral","description":"Algunas de las suspensiones de contrato","inLanguage":"es-ES","isPartOf":{"@id":"https:\/\/gestiobcn.com\/es\/#website"},"breadcrumb":{"@id":"https:\/\/gestiobcn.com\/es\/suspensiones-de-contratos-por\/#breadcrumblist"},"author":{"@id":"https:\/\/gestiobcn.com\/es\/author\/gestiobcn-com\/#author"},"creator":{"@id":"https:\/\/gestiobcn.com\/es\/author\/gestiobcn-com\/#author"},"image":{"@type":"ImageObject","url":"https:\/\/gestiobcn.com\/wp-content\/uploads\/2014\/05\/11745890-dom-dibujado-y-casa-en-las-manos-del-bebe-primavera-concepto111.jpg","@id":"https:\/\/gestiobcn.com\/es\/suspensiones-de-contratos-por\/#mainImage","width":168,"height":135},"primaryImageOfPage":{"@id":"https:\/\/gestiobcn.com\/es\/suspensiones-de-contratos-por\/#mainImage"},"datePublished":"2014-05-13T10:31:01+01:00","dateModified":"2019-02-12T16:31:50+01:00"},{"@type":"WebSite","@id":"https:\/\/gestiobcn.com\/es\/#website","url":"https:\/\/gestiobcn.com\/es\/","name":"Assessoria SM Gesti\u00f3 (Barcelona) Fiscal, laboral","description":"financial advisor","inLanguage":"es-ES","publisher":{"@id":"https:\/\/gestiobcn.com\/es\/#organization"}}]}},"aioseo_meta_data":{"post_id":"4201","title":"Suspensiones de contrato | #site_title","description":"Algunas de las suspensiones de contrato","keywords":[{"label":"suspensiones","value":"suspensiones"},{"label":"laboral","value":"laboral"},{"label":"prestaciones","value":"prestaciones"},{"label":"seguridad social","value":"seguridad social"}],"keyphrases":null,"primary_term":null,"canonical_url":null,"og_title":null,"og_description":null,"og_object_type":"default","og_image_type":"default","og_image_url":null,"og_image_width":null,"og_image_height":null,"og_image_custom_url":null,"og_image_custom_fields":null,"og_video":null,"og_custom_url":null,"og_article_section":null,"og_article_tags":null,"twitter_use_og":false,"twitter_card":"default","twitter_image_type":"default","twitter_image_url":null,"twitter_image_custom_url":null,"twitter_image_custom_fields":null,"twitter_title":null,"twitter_description":null,"schema":{"blockGraphs":[],"customGraphs":[],"default":{"data":{"Article":[],"Course":[],"Dataset":[],"FAQPage":[],"Movie":[],"Person":[],"Product":[],"ProductReview":[],"Car":[],"Recipe":[],"Service":[],"SoftwareApplication":[],"WebPage":[]},"graphName":"Article","isEnabled":true},"graphs":[]},"schema_type":null,"schema_type_options":null,"pillar_content":false,"robots_default":true,"robots_noindex":false,"robots_noarchive":false,"robots_nosnippet":false,"robots_nofollow":false,"robots_noimageindex":false,"robots_noodp":false,"robots_notranslate":false,"robots_max_snippet":null,"robots_max_videopreview":null,"robots_max_imagepreview":"large","priority":null,"frequency":null,"local_seo":null,"breadcrumb_settings":null,"limit_modified_date":false,"ai":null,"created":"2021-04-02 08:55:04","updated":"2025-11-20 04:28:01","seo_analyzer_scan_date":null,"focus_keyword":null,"additional_keywords":null,"truseo_locale":null},"_links":{"self":[{"href":"https:\/\/gestiobcn.com\/es\/wp-json\/wp\/v2\/posts\/4201","targetHints":{"allow":["GET"]}}],"collection":[{"href":"https:\/\/gestiobcn.com\/es\/wp-json\/wp\/v2\/posts"}],"about":[{"href":"https:\/\/gestiobcn.com\/es\/wp-json\/wp\/v2\/types\/post"}],"author":[{"embeddable":true,"href":"https:\/\/gestiobcn.com\/es\/wp-json\/wp\/v2\/users\/2"}],"replies":[{"embeddable":true,"href":"https:\/\/gestiobcn.com\/es\/wp-json\/wp\/v2\/comments?post=4201"}],"version-history":[{"count":0,"href":"https:\/\/gestiobcn.com\/es\/wp-json\/wp\/v2\/posts\/4201\/revisions"}],"wp:featuredmedia":[{"embeddable":true,"href":"https:\/\/gestiobcn.com\/es\/wp-json\/wp\/v2\/media\/8243"}],"wp:attachment":[{"href":"https:\/\/gestiobcn.com\/es\/wp-json\/wp\/v2\/media?parent=4201"}],"wp:term":[{"taxonomy":"category","embeddable":true,"href":"https:\/\/gestiobcn.com\/es\/wp-json\/wp\/v2\/categories?post=4201"},{"taxonomy":"post_tag","embeddable":true,"href":"https:\/\/gestiobcn.com\/es\/wp-json\/wp\/v2\/tags?post=4201"}],"curies":[{"name":"wp","href":"https:\/\/api.w.org\/{rel}","templated":true}]}}