{"id":3807,"date":"2014-02-18T11:42:32","date_gmt":"2014-02-18T10:42:32","guid":{"rendered":"https:\/\/gestiobcn.com\/?p=3807"},"modified":"2019-02-21T14:14:49","modified_gmt":"2019-02-21T13:14:49","slug":"los-becarios-y-la-seguridad-social","status":"publish","type":"post","link":"https:\/\/gestiobcn.com\/es\/los-becarios-y-la-seguridad-social\/","title":{"rendered":"Los Becarios y la Seguridad Social"},"content":{"rendered":"<h2><\/h2>\n<p><span style=\"color: #ffffff;\">.<\/span><\/p>\n<p>&nbsp;<\/p>\n<p style=\"text-align: center;\"><span style=\"color: #333333;\"><strong>Desde la entrada en vigor del <a style=\"color: #333333;\" href=\"http:\/\/www.boe.es\/boe\/dias\/2011\/10\/27\/pdfs\/BOE-A-2011-16819.pdf\">Real Decreto 1493\/2011, de 24 de octubre<\/a> las empresas, entidades, administraciones y todos aquellos organismos que emplean a estudiantes en pr\u00e1cticas profesionales a cambio de una contraprestaci\u00f3n econ\u00f3mica, cualquiera que sea el concepto o la forma en que se perciba,\u00a0 tienen la obligaci\u00f3n de cotizar por ellos.<\/strong><\/span><\/p>\n<p>&nbsp;<\/p>\n<p>&nbsp;<\/p>\n<p style=\"text-align: justify;\"><span style=\"text-decoration: underline;\"><strong><span style=\"color: #000000; text-decoration: underline;\">A qui\u00e9n nos referimos,.<\/span><\/strong><\/span><\/p>\n<p style=\"text-align: justify;\">Seg\u00fan esta normativa, quedan asimilados a trabajadores por cuenta ajena, quienes participen en programas de formaci\u00f3n financiados por entidades u organismos p\u00fablicos o privados que, vinculados a estudios universitarios o de formaci\u00f3n profesional, no tengan car\u00e1cter exclusivamente lectivo sino que incluyan la realizaci\u00f3n de pr\u00e1cticas formativas y conlleven una contraprestaci\u00f3n econ\u00f3mica para los participantes.<\/p>\n<p style=\"text-align: justify;\">La condici\u00f3n de participantes en estos programas de formaci\u00f3n se acredita mediante certificaci\u00f3n expedida por las entidades u organismos que los financian, en el que deber\u00e1 constar que el programa re\u00fane los requisitos exigidos as\u00ed como la duraci\u00f3n del mismo.<span style=\"color: #ffffff;\">.<\/span><\/p>\n<h3 style=\"text-align: justify;\"><span style=\"color: #ffffff;\">.<\/span><\/h3>\n<p style=\"text-align: justify;\"><span style=\"text-decoration: underline;\"><strong><span style=\"color: #000000; text-decoration: underline;\">Los empresarios,.<\/span><\/strong><\/span><\/p>\n<p style=\"text-align: justify;\">La entidad u organismo que financie el programa tendr\u00e1 la condici\u00f3n de empresario, asumiendo los derechos y obligaciones en materia de Seguridad Social.<span style=\"color: #ffffff;\">.<\/span><\/p>\n<p style=\"text-align: justify;\">Cuando el programa formativo est\u00e9 cofinanciado por dos o m\u00e1s entidades u organismos, tendr\u00e1 la condici\u00f3n de empresario aquel al que corresponda hacer efectiva la respectiva contraprestaci\u00f3n econ\u00f3mica.<\/p>\n<p style=\"text-align: justify;\">Los llamados coloquialmente, Becarios, tienen derecho a la misma protecci\u00f3n que los asalariados del r\u00e9gimen general (bajas por enfermedad com\u00fan, accidente, maternidad\u2026.), exceptuando la protecci\u00f3n por desempleo.<\/p>\n<p style=\"text-align: justify;\"><span style=\"color: #ffffff;\">.<\/span><\/p>\n<p style=\"text-align: justify;\"><span style=\"text-decoration: underline;\"><strong><span style=\"color: #000000; text-decoration: underline;\">La cotizaci\u00f3n,<\/span><\/strong><\/span><\/p>\n<p style=\"text-align: justify;\">La cotizaci\u00f3n a la Seguridad Social se lleva a cabo aplicando las reglas establecidas para los contratos para la formaci\u00f3n y el aprendizaje en lo que se refiere a la cotizaci\u00f3n por contingencias comunes y profesionales. No existiendo la obligaci\u00f3n de cotizar por desempleo, FOGASA ni formaci\u00f3n profesional.<\/p>\n<p style=\"text-align: justify;\">Dicha cotizaci\u00f3n se realizar\u00e1 en un c\u00f3digo de cuenta cotizaci\u00f3n creado a tal efecto y diferenciado del resto de trabajadores.<\/p>\n<p style=\"text-align: justify;\">La incorporaci\u00f3n al R\u00e9gimen General de la Seguridad Social, con la consecuente afiliaci\u00f3n\u00a0 i\/o alta, as\u00ed como la baja en este r\u00e9gimen, se producir\u00e1 a partir de la fecha de inicio y en la del cese de la actividad del participante en el programa de formaci\u00f3n.<\/p>\n<p style=\"text-align: justify;\"><span style=\"color: #ffffff;\">.<\/span><\/p>\n<p style=\"text-align: center;\"><span style=\"color: #808000;\"><strong>Asesor\u00eda a Barcelona<\/strong><\/span><\/p>\n<p style=\"text-align: center;\"><span style=\"color: #808000;\"><strong>Sagarra i Montalvo Gesti\u00f3 BCN<\/strong><\/span><\/p>\n<p>&nbsp;<\/p>\n<p>&nbsp;<\/p>\n","protected":false},"excerpt":{"rendered":"<p>. &nbsp; Desde la entrada en vigor del Real Decreto 1493\/2011, de 24 de octubre las empresas, entidades, administraciones y todos aquellos organismos que emplean a estudiantes en pr\u00e1cticas profesionales&#8230;<\/p>\n","protected":false},"author":2,"featured_media":3808,"comment_status":"open","ping_status":"open","sticky":false,"template":"","format":"standard","meta":{"inline_featured_image":false,"footnotes":""},"categories":[182,38],"tags":[],"class_list":["post-3807","post","type-post","status-publish","format-standard","has-post-thumbnail","hentry","category-area-laboral","category-sin-categorizar"],"aioseo_notices":[],"aioseo_head":"\n\t\t<!-- All in One SEO 5.0.1.1 - aioseo.com -->\n\t<meta name=\"description\" content=\"Los Becarios y la Seguridad Social\" \/>\n\t<meta name=\"robots\" content=\"max-image-preview:large\" \/>\n\t<meta name=\"author\" content=\"gestiobcn.com\"\/>\n\t<link rel=\"canonical\" href=\"https:\/\/gestiobcn.com\/es\/los-becarios-y-la-seguridad-social\/\" \/>\n\t<meta name=\"generator\" content=\"All in One SEO (AIOSEO) 5.0.1.1\" \/>\n\t\t<script type=\"application\/ld+json\" class=\"aioseo-schema\">\n\t\t\t{\"@context\":\"https:\\\/\\\/schema.org\",\"@graph\":[{\"@type\":\"Article\",\"@id\":\"https:\\\/\\\/gestiobcn.com\\\/es\\\/los-becarios-y-la-seguridad-social\\\/#article\",\"name\":\"Los Becarios y la Seguridad Social | Assessoria SM Gesti\\u00f3 (Barcelona) Fiscal, laboral\",\"headline\":\"Los Becarios y la Seguridad Social\",\"author\":{\"@id\":\"https:\\\/\\\/gestiobcn.com\\\/es\\\/author\\\/gestiobcn-com\\\/#author\"},\"publisher\":{\"@id\":\"https:\\\/\\\/gestiobcn.com\\\/es\\\/#organization\"},\"image\":{\"@type\":\"ImageObject\",\"url\":\"https:\\\/\\\/gestiobcn.com\\\/wp-content\\\/uploads\\\/2014\\\/02\\\/Becarios-1.jpg\",\"width\":400,\"height\":234},\"datePublished\":\"2014-02-18T11:42:32+01:00\",\"dateModified\":\"2019-02-21T14:14:49+01:00\",\"inLanguage\":\"es-ES\",\"mainEntityOfPage\":{\"@id\":\"https:\\\/\\\/gestiobcn.com\\\/es\\\/los-becarios-y-la-seguridad-social\\\/#webpage\"},\"isPartOf\":{\"@id\":\"https:\\\/\\\/gestiobcn.com\\\/es\\\/los-becarios-y-la-seguridad-social\\\/#webpage\"},\"articleSection\":\"Area Laboral, Sin categorizar\"},{\"@type\":\"BreadcrumbList\",\"@id\":\"https:\\\/\\\/gestiobcn.com\\\/es\\\/los-becarios-y-la-seguridad-social\\\/#breadcrumblist\",\"itemListElement\":[{\"@type\":\"ListItem\",\"@id\":\"https:\\\/\\\/gestiobcn.com\\\/es\\\/#listItem\",\"position\":1,\"name\":\"Home\",\"item\":\"https:\\\/\\\/gestiobcn.com\\\/es\\\/\",\"nextItem\":{\"@type\":\"ListItem\",\"@id\":\"https:\\\/\\\/gestiobcn.com\\\/es\\\/category\\\/sin-categorizar\\\/#listItem\",\"name\":\"Sin categorizar\"}},{\"@type\":\"ListItem\",\"@id\":\"https:\\\/\\\/gestiobcn.com\\\/es\\\/category\\\/sin-categorizar\\\/#listItem\",\"position\":2,\"name\":\"Sin categorizar\",\"item\":\"https:\\\/\\\/gestiobcn.com\\\/es\\\/category\\\/sin-categorizar\\\/\",\"nextItem\":{\"@type\":\"ListItem\",\"@id\":\"https:\\\/\\\/gestiobcn.com\\\/es\\\/los-becarios-y-la-seguridad-social\\\/#listItem\",\"name\":\"Los Becarios y la Seguridad Social\"},\"previousItem\":{\"@type\":\"ListItem\",\"@id\":\"https:\\\/\\\/gestiobcn.com\\\/es\\\/#listItem\",\"name\":\"Home\"}},{\"@type\":\"ListItem\",\"@id\":\"https:\\\/\\\/gestiobcn.com\\\/es\\\/los-becarios-y-la-seguridad-social\\\/#listItem\",\"position\":3,\"name\":\"Los Becarios y la Seguridad Social\",\"previousItem\":{\"@type\":\"ListItem\",\"@id\":\"https:\\\/\\\/gestiobcn.com\\\/es\\\/category\\\/sin-categorizar\\\/#listItem\",\"name\":\"Sin categorizar\"}}]},{\"@type\":\"Organization\",\"@id\":\"https:\\\/\\\/gestiobcn.com\\\/es\\\/#organization\",\"name\":\"Sagarra i Montalvo Gesti\\u00f3 BCN SL\",\"description\":\"financial advisor\",\"url\":\"https:\\\/\\\/gestiobcn.com\\\/es\\\/\",\"telephone\":\"+34936673626\",\"logo\":{\"@type\":\"ImageObject\",\"url\":\"https:\\\/\\\/gestiobcn.com\\\/wp-content\\\/uploads\\\/2021\\\/04\\\/fons-verd-quadrat.jpg\",\"@id\":\"https:\\\/\\\/gestiobcn.com\\\/es\\\/los-becarios-y-la-seguridad-social\\\/#organizationLogo\",\"width\":280,\"height\":280,\"caption\":\"GestioBCN\"},\"image\":{\"@id\":\"https:\\\/\\\/gestiobcn.com\\\/es\\\/los-becarios-y-la-seguridad-social\\\/#organizationLogo\"}},{\"@type\":\"Person\",\"@id\":\"https:\\\/\\\/gestiobcn.com\\\/es\\\/author\\\/gestiobcn-com\\\/#author\",\"url\":\"https:\\\/\\\/gestiobcn.com\\\/es\\\/author\\\/gestiobcn-com\\\/\",\"name\":\"gestiobcn.com\",\"image\":{\"@type\":\"ImageObject\",\"@id\":\"https:\\\/\\\/gestiobcn.com\\\/es\\\/los-becarios-y-la-seguridad-social\\\/#authorImage\",\"url\":\"https:\\\/\\\/secure.gravatar.com\\\/avatar\\\/389a875dd476c929f14521a4296056fe4a02d1e911cd5457c7b036d4ae7dfba1?s=96&d=mm&r=g\",\"width\":96,\"height\":96,\"caption\":\"gestiobcn.com\"}},{\"@type\":\"WebPage\",\"@id\":\"https:\\\/\\\/gestiobcn.com\\\/es\\\/los-becarios-y-la-seguridad-social\\\/#webpage\",\"url\":\"https:\\\/\\\/gestiobcn.com\\\/es\\\/los-becarios-y-la-seguridad-social\\\/\",\"name\":\"Los Becarios y la Seguridad Social | Assessoria SM Gesti\\u00f3 (Barcelona) Fiscal, laboral\",\"description\":\"Los Becarios y la Seguridad Social\",\"inLanguage\":\"es-ES\",\"isPartOf\":{\"@id\":\"https:\\\/\\\/gestiobcn.com\\\/es\\\/#website\"},\"breadcrumb\":{\"@id\":\"https:\\\/\\\/gestiobcn.com\\\/es\\\/los-becarios-y-la-seguridad-social\\\/#breadcrumblist\"},\"author\":{\"@id\":\"https:\\\/\\\/gestiobcn.com\\\/es\\\/author\\\/gestiobcn-com\\\/#author\"},\"creator\":{\"@id\":\"https:\\\/\\\/gestiobcn.com\\\/es\\\/author\\\/gestiobcn-com\\\/#author\"},\"image\":{\"@type\":\"ImageObject\",\"url\":\"https:\\\/\\\/gestiobcn.com\\\/wp-content\\\/uploads\\\/2014\\\/02\\\/Becarios-1.jpg\",\"@id\":\"https:\\\/\\\/gestiobcn.com\\\/es\\\/los-becarios-y-la-seguridad-social\\\/#mainImage\",\"width\":400,\"height\":234},\"primaryImageOfPage\":{\"@id\":\"https:\\\/\\\/gestiobcn.com\\\/es\\\/los-becarios-y-la-seguridad-social\\\/#mainImage\"},\"datePublished\":\"2014-02-18T11:42:32+01:00\",\"dateModified\":\"2019-02-21T14:14:49+01:00\"},{\"@type\":\"WebSite\",\"@id\":\"https:\\\/\\\/gestiobcn.com\\\/es\\\/#website\",\"url\":\"https:\\\/\\\/gestiobcn.com\\\/es\\\/\",\"name\":\"Assessoria SM Gesti\\u00f3 (Barcelona) Fiscal, laboral\",\"description\":\"financial advisor\",\"inLanguage\":\"es-ES\",\"publisher\":{\"@id\":\"https:\\\/\\\/gestiobcn.com\\\/es\\\/#organization\"}}]}\n\t\t<\/script>\n\t\t<!-- All in One SEO -->\n\n","aioseo_head_json":{"title":"Los Becarios y la Seguridad Social | Assessoria SM Gesti\u00f3 (Barcelona) Fiscal, laboral","description":"Los Becarios y la Seguridad Social","canonical_url":"https:\/\/gestiobcn.com\/es\/los-becarios-y-la-seguridad-social\/","robots":"max-image-preview:large","keywords":"","webmasterTools":{"miscellaneous":""},"schema":{"@context":"https:\/\/schema.org","@graph":[{"@type":"Article","@id":"https:\/\/gestiobcn.com\/es\/los-becarios-y-la-seguridad-social\/#article","name":"Los Becarios y la Seguridad Social | Assessoria SM Gesti\u00f3 (Barcelona) Fiscal, laboral","headline":"Los Becarios y la Seguridad Social","author":{"@id":"https:\/\/gestiobcn.com\/es\/author\/gestiobcn-com\/#author"},"publisher":{"@id":"https:\/\/gestiobcn.com\/es\/#organization"},"image":{"@type":"ImageObject","url":"https:\/\/gestiobcn.com\/wp-content\/uploads\/2014\/02\/Becarios-1.jpg","width":400,"height":234},"datePublished":"2014-02-18T11:42:32+01:00","dateModified":"2019-02-21T14:14:49+01:00","inLanguage":"es-ES","mainEntityOfPage":{"@id":"https:\/\/gestiobcn.com\/es\/los-becarios-y-la-seguridad-social\/#webpage"},"isPartOf":{"@id":"https:\/\/gestiobcn.com\/es\/los-becarios-y-la-seguridad-social\/#webpage"},"articleSection":"Area Laboral, Sin categorizar"},{"@type":"BreadcrumbList","@id":"https:\/\/gestiobcn.com\/es\/los-becarios-y-la-seguridad-social\/#breadcrumblist","itemListElement":[{"@type":"ListItem","@id":"https:\/\/gestiobcn.com\/es\/#listItem","position":1,"name":"Home","item":"https:\/\/gestiobcn.com\/es\/","nextItem":{"@type":"ListItem","@id":"https:\/\/gestiobcn.com\/es\/category\/sin-categorizar\/#listItem","name":"Sin categorizar"}},{"@type":"ListItem","@id":"https:\/\/gestiobcn.com\/es\/category\/sin-categorizar\/#listItem","position":2,"name":"Sin categorizar","item":"https:\/\/gestiobcn.com\/es\/category\/sin-categorizar\/","nextItem":{"@type":"ListItem","@id":"https:\/\/gestiobcn.com\/es\/los-becarios-y-la-seguridad-social\/#listItem","name":"Los Becarios y la Seguridad Social"},"previousItem":{"@type":"ListItem","@id":"https:\/\/gestiobcn.com\/es\/#listItem","name":"Home"}},{"@type":"ListItem","@id":"https:\/\/gestiobcn.com\/es\/los-becarios-y-la-seguridad-social\/#listItem","position":3,"name":"Los Becarios y la Seguridad Social","previousItem":{"@type":"ListItem","@id":"https:\/\/gestiobcn.com\/es\/category\/sin-categorizar\/#listItem","name":"Sin categorizar"}}]},{"@type":"Organization","@id":"https:\/\/gestiobcn.com\/es\/#organization","name":"Sagarra i Montalvo Gesti\u00f3 BCN SL","description":"financial advisor","url":"https:\/\/gestiobcn.com\/es\/","telephone":"+34936673626","logo":{"@type":"ImageObject","url":"https:\/\/gestiobcn.com\/wp-content\/uploads\/2021\/04\/fons-verd-quadrat.jpg","@id":"https:\/\/gestiobcn.com\/es\/los-becarios-y-la-seguridad-social\/#organizationLogo","width":280,"height":280,"caption":"GestioBCN"},"image":{"@id":"https:\/\/gestiobcn.com\/es\/los-becarios-y-la-seguridad-social\/#organizationLogo"}},{"@type":"Person","@id":"https:\/\/gestiobcn.com\/es\/author\/gestiobcn-com\/#author","url":"https:\/\/gestiobcn.com\/es\/author\/gestiobcn-com\/","name":"gestiobcn.com","image":{"@type":"ImageObject","@id":"https:\/\/gestiobcn.com\/es\/los-becarios-y-la-seguridad-social\/#authorImage","url":"https:\/\/secure.gravatar.com\/avatar\/389a875dd476c929f14521a4296056fe4a02d1e911cd5457c7b036d4ae7dfba1?s=96&d=mm&r=g","width":96,"height":96,"caption":"gestiobcn.com"}},{"@type":"WebPage","@id":"https:\/\/gestiobcn.com\/es\/los-becarios-y-la-seguridad-social\/#webpage","url":"https:\/\/gestiobcn.com\/es\/los-becarios-y-la-seguridad-social\/","name":"Los Becarios y la Seguridad Social | Assessoria SM Gesti\u00f3 (Barcelona) Fiscal, laboral","description":"Los Becarios y la Seguridad Social","inLanguage":"es-ES","isPartOf":{"@id":"https:\/\/gestiobcn.com\/es\/#website"},"breadcrumb":{"@id":"https:\/\/gestiobcn.com\/es\/los-becarios-y-la-seguridad-social\/#breadcrumblist"},"author":{"@id":"https:\/\/gestiobcn.com\/es\/author\/gestiobcn-com\/#author"},"creator":{"@id":"https:\/\/gestiobcn.com\/es\/author\/gestiobcn-com\/#author"},"image":{"@type":"ImageObject","url":"https:\/\/gestiobcn.com\/wp-content\/uploads\/2014\/02\/Becarios-1.jpg","@id":"https:\/\/gestiobcn.com\/es\/los-becarios-y-la-seguridad-social\/#mainImage","width":400,"height":234},"primaryImageOfPage":{"@id":"https:\/\/gestiobcn.com\/es\/los-becarios-y-la-seguridad-social\/#mainImage"},"datePublished":"2014-02-18T11:42:32+01:00","dateModified":"2019-02-21T14:14:49+01:00"},{"@type":"WebSite","@id":"https:\/\/gestiobcn.com\/es\/#website","url":"https:\/\/gestiobcn.com\/es\/","name":"Assessoria SM Gesti\u00f3 (Barcelona) Fiscal, laboral","description":"financial advisor","inLanguage":"es-ES","publisher":{"@id":"https:\/\/gestiobcn.com\/es\/#organization"}}]}},"aioseo_meta_data":{"post_id":"3807","title":"Los Becarios y la Seguridad Social | #site_title","description":"Los Becarios y la Seguridad Social","keywords":[{"label":"Seguridad Social","value":"Seguridad Social"},{"label":"cotizaci\u00f3n","value":"cotizaci\u00f3n"},{"label":"becarios","value":"becarios"},{"label":"contratos a becarios","value":"contratos a becarios"}],"keyphrases":null,"primary_term":null,"canonical_url":null,"og_title":null,"og_description":null,"og_object_type":"default","og_image_type":"default","og_image_url":null,"og_image_width":null,"og_image_height":null,"og_image_custom_url":null,"og_image_custom_fields":null,"og_video":null,"og_custom_url":null,"og_article_section":null,"og_article_tags":null,"twitter_use_og":false,"twitter_card":"default","twitter_image_type":"default","twitter_image_url":null,"twitter_image_custom_url":null,"twitter_image_custom_fields":null,"twitter_title":null,"twitter_description":null,"schema":{"blockGraphs":[],"customGraphs":[],"default":{"data":{"Article":[],"Course":[],"Dataset":[],"FAQPage":[],"Movie":[],"Person":[],"Product":[],"ProductReview":[],"Car":[],"Recipe":[],"Service":[],"SoftwareApplication":[],"WebPage":[]},"graphName":"Article","isEnabled":true},"graphs":[]},"schema_type":null,"schema_type_options":null,"pillar_content":false,"robots_default":true,"robots_noindex":false,"robots_noarchive":false,"robots_nosnippet":false,"robots_nofollow":false,"robots_noimageindex":false,"robots_noodp":false,"robots_notranslate":false,"robots_max_snippet":null,"robots_max_videopreview":null,"robots_max_imagepreview":"large","priority":null,"frequency":null,"local_seo":null,"breadcrumb_settings":null,"limit_modified_date":false,"ai":null,"created":"2021-04-02 08:51:57","updated":"2025-11-20 04:23:31","seo_analyzer_scan_date":null,"focus_keyword":null,"additional_keywords":null,"truseo_locale":null},"_links":{"self":[{"href":"https:\/\/gestiobcn.com\/es\/wp-json\/wp\/v2\/posts\/3807","targetHints":{"allow":["GET"]}}],"collection":[{"href":"https:\/\/gestiobcn.com\/es\/wp-json\/wp\/v2\/posts"}],"about":[{"href":"https:\/\/gestiobcn.com\/es\/wp-json\/wp\/v2\/types\/post"}],"author":[{"embeddable":true,"href":"https:\/\/gestiobcn.com\/es\/wp-json\/wp\/v2\/users\/2"}],"replies":[{"embeddable":true,"href":"https:\/\/gestiobcn.com\/es\/wp-json\/wp\/v2\/comments?post=3807"}],"version-history":[{"count":0,"href":"https:\/\/gestiobcn.com\/es\/wp-json\/wp\/v2\/posts\/3807\/revisions"}],"wp:featuredmedia":[{"embeddable":true,"href":"https:\/\/gestiobcn.com\/es\/wp-json\/wp\/v2\/media\/3808"}],"wp:attachment":[{"href":"https:\/\/gestiobcn.com\/es\/wp-json\/wp\/v2\/media?parent=3807"}],"wp:term":[{"taxonomy":"category","embeddable":true,"href":"https:\/\/gestiobcn.com\/es\/wp-json\/wp\/v2\/categories?post=3807"},{"taxonomy":"post_tag","embeddable":true,"href":"https:\/\/gestiobcn.com\/es\/wp-json\/wp\/v2\/tags?post=3807"}],"curies":[{"name":"wp","href":"https:\/\/api.w.org\/{rel}","templated":true}]}}