{"id":2172,"date":"2013-04-08T08:30:53","date_gmt":"2013-04-08T07:30:53","guid":{"rendered":"https:\/\/gestiobcn.com\/?p=2172"},"modified":"2019-04-15T10:41:39","modified_gmt":"2019-04-15T09:41:39","slug":"renta-2012-contribuyentes-no-obligados-a-declarar","status":"publish","type":"post","link":"https:\/\/gestiobcn.com\/es\/renta-2012-contribuyentes-no-obligados-a-declarar\/","title":{"rendered":"Renta 2012. Contribuyentes no obligados a declarar."},"content":{"rendered":"<p><span style=\"color: #ffffff;\">.<\/span><\/p>\n<p style=\"text-align: justify;\"><span style=\"color: #808000;\"><strong>Rendimientos del trabajo<\/strong><\/span><\/p>\n<p style=\"text-align: justify;\">Con car\u00e1cter general, los contribuyentes que hayan percibido <strong>rentas inferiores a los 22.000 euros<\/strong> brutos anuales de un solo pagador estar\u00e1n exentos de tributar.<\/p>\n<p style=\"text-align: justify;\">Sin embargo, existen excepciones a esta regla general, empezando por los trabajadores con m\u00e1s de un pagador. En este caso, la suma de las cantidades percibidas del segundo y siguientes, por orden de cuant\u00eda, \u00a0no podr\u00e1 superar los 1.500 euros.<\/p>\n<p style=\"text-align: justify;\">El l\u00edmite anterior se establece en <strong>11.200 <\/strong><strong>euros brutos <\/strong>anuales y por tanto no est\u00e1n obligados a declarar cuando:<\/p>\n<ul style=\"list-style-type: square;\">\n<li>Procedan de m\u00e1s de un pagador, si la suma de las cantidades percibidas del segundo y restantes pagadores, por orden de cuant\u00eda, superen 1.500 euros anuales.<\/li>\n<li>Se hayan percibido pensiones compensatorias del c\u00f3nyuge o anualidades por alimentos, salvo que estas \u00faltimas procedan de los padres por decisi\u00f3n judicial.<\/li>\n<li>El pagador de los rendimientos no est\u00e9 obligado a retener (por ejemplo, pensiones procedentes del extranjero o empleados del hogar).<\/li>\n<li>Se perciban rendimientos \u00edntegros del trabajo sujetos a tipo fijo de retenci\u00f3n.<\/li>\n<\/ul>\n<p>&nbsp;<\/p>\n<p style=\"text-align: justify;\"><span style=\"color: #808000;\"><strong>Rendimientos de capital mobiliario y ganancias patrimoniales<\/strong><\/span><\/p>\n<p style=\"text-align: justify;\">Si s\u00f3lo se han obtenido ingresos a trav\u00e9s de rendimientos del capital mobiliario, lo que incluye intereses de cuentas corrientes, no se estar\u00e1 obligado a declarar hasta no superar <strong>los 1.600 euros<\/strong>. De igual modo ocurre si se trata de ganancias patrimoniales.<\/p>\n<p>&nbsp;<\/p>\n<p style=\"text-align: justify;\"><span style=\"color: #808000;\"><strong>Otras rentas y rendimientos<\/strong><\/span><\/p>\n<p style=\"text-align: justify;\">Del mismo modo, los ingresos por rentas inmobiliarias imputadas, rendimientos de Letras del Tesoro y subvenciones para la adquisici\u00f3n de viviendas de protecci\u00f3n oficial o de precio tasado \u00a0que no superen los 1.000 euros anuales tambi\u00e9n quedan fuera.<\/p>\n<p style=\"text-align: justify;\"><strong>No tendr\u00e1n que declarar <\/strong>quienes obtengan <strong>exclusivamente <\/strong>rendimientos \u00edntegros del trabajo, del capital (mobiliario e inmobiliario), de actividades econ\u00f3micas y ganancias patrimoniales, sujetas o no a retenci\u00f3n, cuando su <strong>suma no exceda de 1.000 euros brutos anuales <\/strong><strong>\u00a0<\/strong>y <strong>p\u00e9rdidas patrimoniales inferiores a 500 euros.<\/strong><\/p>\n<p style=\"text-align: justify;\">En principio, est\u00e1n obligados a declarar <strong>en todo caso<\/strong> los contribuyentes que tengan derecho a practicarse las siguientes deducciones o reducciones, <strong>cuando ejerciten tal derecho<\/strong>:<\/p>\n<ul style=\"list-style-type: square;\">\n<li>Deducciones por inversi\u00f3n en vivienda.<\/li>\n<li>Deducci\u00f3n por cuenta ahorro-empresa.<\/li>\n<li>Deducci\u00f3n por doble imposici\u00f3n internacional.<\/li>\n<li>Que hayan realizado aportaciones a patrimonios protegidos de las personas con discapacidad, planes de pensiones, planes de previsi\u00f3n asegurados o mutualidades de previsi\u00f3n social, planes de previsi\u00f3n social empresarial y seguros de dependencia que reduzcan la base imponible.<\/li>\n<\/ul>\n<p>&nbsp;<\/p>\n<p style=\"text-align: center;\"><span style=\"color: #808000;\"><strong>Asesor\u00eda en Barcelona<\/strong><\/span><\/p>\n<p style=\"text-align: center;\"><span style=\"color: #808000;\"><strong>SAGARRA I MONTALVO GESTI\u00d3 BCN<\/strong><\/span><\/p>\n<p style=\"text-align: center;\">\n","protected":false},"excerpt":{"rendered":"<p>. Rendimientos del trabajo Con car\u00e1cter general, los contribuyentes que hayan percibido rentas inferiores a los 22.000 euros brutos anuales de un solo pagador estar\u00e1n exentos de tributar. Sin embargo,&#8230;<\/p>\n","protected":false},"author":2,"featured_media":8876,"comment_status":"open","ping_status":"open","sticky":false,"template":"","format":"standard","meta":{"inline_featured_image":false,"footnotes":""},"categories":[182,38],"tags":[],"class_list":["post-2172","post","type-post","status-publish","format-standard","has-post-thumbnail","hentry","category-area-laboral","category-sin-categorizar"],"aioseo_notices":[],"aioseo_head":"\n\t\t<!-- All in One SEO 5.0.1.1 - aioseo.com -->\n\t<meta name=\"description\" content=\"RENTA 2012. CONTRIBUYENTES NO OBLIGADOS A DECLARAR\" \/>\n\t<meta name=\"robots\" content=\"max-image-preview:large\" \/>\n\t<meta name=\"author\" content=\"gestiobcn.com\"\/>\n\t<link rel=\"canonical\" href=\"https:\/\/gestiobcn.com\/es\/renta-2012-contribuyentes-no-obligados-a-declarar\/\" \/>\n\t<meta name=\"generator\" content=\"All in One SEO (AIOSEO) 5.0.1.1\" \/>\n\t\t<script type=\"application\/ld+json\" class=\"aioseo-schema\">\n\t\t\t{\"@context\":\"https:\\\/\\\/schema.org\",\"@graph\":[{\"@type\":\"Article\",\"@id\":\"https:\\\/\\\/gestiobcn.com\\\/es\\\/renta-2012-contribuyentes-no-obligados-a-declarar\\\/#article\",\"name\":\"RENTA 2012. CONTRIBUYENTES NO OBLIGADOS A DECLARAR | Assessoria SM Gesti\\u00f3 (Barcelona) Fiscal, laboral\",\"headline\":\"Renta 2012. Contribuyentes no obligados a declarar.\",\"author\":{\"@id\":\"https:\\\/\\\/gestiobcn.com\\\/es\\\/author\\\/gestiobcn-com\\\/#author\"},\"publisher\":{\"@id\":\"https:\\\/\\\/gestiobcn.com\\\/es\\\/#organization\"},\"image\":{\"@type\":\"ImageObject\",\"url\":\"https:\\\/\\\/gestiobcn.com\\\/wp-content\\\/uploads\\\/2013\\\/04\\\/treball-autonom_42medium1.jpg\",\"width\":400,\"height\":200},\"datePublished\":\"2013-04-08T08:30:53+01:00\",\"dateModified\":\"2019-04-15T10:41:39+01:00\",\"inLanguage\":\"es-ES\",\"mainEntityOfPage\":{\"@id\":\"https:\\\/\\\/gestiobcn.com\\\/es\\\/renta-2012-contribuyentes-no-obligados-a-declarar\\\/#webpage\"},\"isPartOf\":{\"@id\":\"https:\\\/\\\/gestiobcn.com\\\/es\\\/renta-2012-contribuyentes-no-obligados-a-declarar\\\/#webpage\"},\"articleSection\":\"Area Laboral, Sin categorizar\"},{\"@type\":\"BreadcrumbList\",\"@id\":\"https:\\\/\\\/gestiobcn.com\\\/es\\\/renta-2012-contribuyentes-no-obligados-a-declarar\\\/#breadcrumblist\",\"itemListElement\":[{\"@type\":\"ListItem\",\"@id\":\"https:\\\/\\\/gestiobcn.com\\\/es\\\/#listItem\",\"position\":1,\"name\":\"Home\",\"item\":\"https:\\\/\\\/gestiobcn.com\\\/es\\\/\",\"nextItem\":{\"@type\":\"ListItem\",\"@id\":\"https:\\\/\\\/gestiobcn.com\\\/es\\\/category\\\/sin-categorizar\\\/#listItem\",\"name\":\"Sin categorizar\"}},{\"@type\":\"ListItem\",\"@id\":\"https:\\\/\\\/gestiobcn.com\\\/es\\\/category\\\/sin-categorizar\\\/#listItem\",\"position\":2,\"name\":\"Sin categorizar\",\"item\":\"https:\\\/\\\/gestiobcn.com\\\/es\\\/category\\\/sin-categorizar\\\/\",\"nextItem\":{\"@type\":\"ListItem\",\"@id\":\"https:\\\/\\\/gestiobcn.com\\\/es\\\/renta-2012-contribuyentes-no-obligados-a-declarar\\\/#listItem\",\"name\":\"Renta 2012. Contribuyentes no obligados a declarar.\"},\"previousItem\":{\"@type\":\"ListItem\",\"@id\":\"https:\\\/\\\/gestiobcn.com\\\/es\\\/#listItem\",\"name\":\"Home\"}},{\"@type\":\"ListItem\",\"@id\":\"https:\\\/\\\/gestiobcn.com\\\/es\\\/renta-2012-contribuyentes-no-obligados-a-declarar\\\/#listItem\",\"position\":3,\"name\":\"Renta 2012. Contribuyentes no obligados a declarar.\",\"previousItem\":{\"@type\":\"ListItem\",\"@id\":\"https:\\\/\\\/gestiobcn.com\\\/es\\\/category\\\/sin-categorizar\\\/#listItem\",\"name\":\"Sin categorizar\"}}]},{\"@type\":\"Organization\",\"@id\":\"https:\\\/\\\/gestiobcn.com\\\/es\\\/#organization\",\"name\":\"Sagarra i Montalvo Gesti\\u00f3 BCN SL\",\"description\":\"financial advisor\",\"url\":\"https:\\\/\\\/gestiobcn.com\\\/es\\\/\",\"telephone\":\"+34936673626\",\"logo\":{\"@type\":\"ImageObject\",\"url\":\"https:\\\/\\\/gestiobcn.com\\\/wp-content\\\/uploads\\\/2021\\\/04\\\/fons-verd-quadrat.jpg\",\"@id\":\"https:\\\/\\\/gestiobcn.com\\\/es\\\/renta-2012-contribuyentes-no-obligados-a-declarar\\\/#organizationLogo\",\"width\":280,\"height\":280,\"caption\":\"GestioBCN\"},\"image\":{\"@id\":\"https:\\\/\\\/gestiobcn.com\\\/es\\\/renta-2012-contribuyentes-no-obligados-a-declarar\\\/#organizationLogo\"}},{\"@type\":\"Person\",\"@id\":\"https:\\\/\\\/gestiobcn.com\\\/es\\\/author\\\/gestiobcn-com\\\/#author\",\"url\":\"https:\\\/\\\/gestiobcn.com\\\/es\\\/author\\\/gestiobcn-com\\\/\",\"name\":\"gestiobcn.com\",\"image\":{\"@type\":\"ImageObject\",\"@id\":\"https:\\\/\\\/gestiobcn.com\\\/es\\\/renta-2012-contribuyentes-no-obligados-a-declarar\\\/#authorImage\",\"url\":\"https:\\\/\\\/secure.gravatar.com\\\/avatar\\\/389a875dd476c929f14521a4296056fe4a02d1e911cd5457c7b036d4ae7dfba1?s=96&d=mm&r=g\",\"width\":96,\"height\":96,\"caption\":\"gestiobcn.com\"}},{\"@type\":\"WebPage\",\"@id\":\"https:\\\/\\\/gestiobcn.com\\\/es\\\/renta-2012-contribuyentes-no-obligados-a-declarar\\\/#webpage\",\"url\":\"https:\\\/\\\/gestiobcn.com\\\/es\\\/renta-2012-contribuyentes-no-obligados-a-declarar\\\/\",\"name\":\"RENTA 2012. CONTRIBUYENTES NO OBLIGADOS A DECLARAR | Assessoria SM Gesti\\u00f3 (Barcelona) Fiscal, laboral\",\"description\":\"RENTA 2012. CONTRIBUYENTES NO OBLIGADOS A DECLARAR\",\"inLanguage\":\"es-ES\",\"isPartOf\":{\"@id\":\"https:\\\/\\\/gestiobcn.com\\\/es\\\/#website\"},\"breadcrumb\":{\"@id\":\"https:\\\/\\\/gestiobcn.com\\\/es\\\/renta-2012-contribuyentes-no-obligados-a-declarar\\\/#breadcrumblist\"},\"author\":{\"@id\":\"https:\\\/\\\/gestiobcn.com\\\/es\\\/author\\\/gestiobcn-com\\\/#author\"},\"creator\":{\"@id\":\"https:\\\/\\\/gestiobcn.com\\\/es\\\/author\\\/gestiobcn-com\\\/#author\"},\"image\":{\"@type\":\"ImageObject\",\"url\":\"https:\\\/\\\/gestiobcn.com\\\/wp-content\\\/uploads\\\/2013\\\/04\\\/treball-autonom_42medium1.jpg\",\"@id\":\"https:\\\/\\\/gestiobcn.com\\\/es\\\/renta-2012-contribuyentes-no-obligados-a-declarar\\\/#mainImage\",\"width\":400,\"height\":200},\"primaryImageOfPage\":{\"@id\":\"https:\\\/\\\/gestiobcn.com\\\/es\\\/renta-2012-contribuyentes-no-obligados-a-declarar\\\/#mainImage\"},\"datePublished\":\"2013-04-08T08:30:53+01:00\",\"dateModified\":\"2019-04-15T10:41:39+01:00\"},{\"@type\":\"WebSite\",\"@id\":\"https:\\\/\\\/gestiobcn.com\\\/es\\\/#website\",\"url\":\"https:\\\/\\\/gestiobcn.com\\\/es\\\/\",\"name\":\"Assessoria SM Gesti\\u00f3 (Barcelona) Fiscal, laboral\",\"description\":\"financial advisor\",\"inLanguage\":\"es-ES\",\"publisher\":{\"@id\":\"https:\\\/\\\/gestiobcn.com\\\/es\\\/#organization\"}}]}\n\t\t<\/script>\n\t\t<!-- All in One SEO -->\n\n","aioseo_head_json":{"title":"RENTA 2012. CONTRIBUYENTES NO OBLIGADOS A DECLARAR | Assessoria SM Gesti\u00f3 (Barcelona) Fiscal, laboral","description":"RENTA 2012. CONTRIBUYENTES NO OBLIGADOS A DECLARAR","canonical_url":"https:\/\/gestiobcn.com\/es\/renta-2012-contribuyentes-no-obligados-a-declarar\/","robots":"max-image-preview:large","keywords":"","webmasterTools":{"miscellaneous":""},"schema":{"@context":"https:\/\/schema.org","@graph":[{"@type":"Article","@id":"https:\/\/gestiobcn.com\/es\/renta-2012-contribuyentes-no-obligados-a-declarar\/#article","name":"RENTA 2012. CONTRIBUYENTES NO OBLIGADOS A DECLARAR | Assessoria SM Gesti\u00f3 (Barcelona) Fiscal, laboral","headline":"Renta 2012. Contribuyentes no obligados a declarar.","author":{"@id":"https:\/\/gestiobcn.com\/es\/author\/gestiobcn-com\/#author"},"publisher":{"@id":"https:\/\/gestiobcn.com\/es\/#organization"},"image":{"@type":"ImageObject","url":"https:\/\/gestiobcn.com\/wp-content\/uploads\/2013\/04\/treball-autonom_42medium1.jpg","width":400,"height":200},"datePublished":"2013-04-08T08:30:53+01:00","dateModified":"2019-04-15T10:41:39+01:00","inLanguage":"es-ES","mainEntityOfPage":{"@id":"https:\/\/gestiobcn.com\/es\/renta-2012-contribuyentes-no-obligados-a-declarar\/#webpage"},"isPartOf":{"@id":"https:\/\/gestiobcn.com\/es\/renta-2012-contribuyentes-no-obligados-a-declarar\/#webpage"},"articleSection":"Area Laboral, Sin categorizar"},{"@type":"BreadcrumbList","@id":"https:\/\/gestiobcn.com\/es\/renta-2012-contribuyentes-no-obligados-a-declarar\/#breadcrumblist","itemListElement":[{"@type":"ListItem","@id":"https:\/\/gestiobcn.com\/es\/#listItem","position":1,"name":"Home","item":"https:\/\/gestiobcn.com\/es\/","nextItem":{"@type":"ListItem","@id":"https:\/\/gestiobcn.com\/es\/category\/sin-categorizar\/#listItem","name":"Sin categorizar"}},{"@type":"ListItem","@id":"https:\/\/gestiobcn.com\/es\/category\/sin-categorizar\/#listItem","position":2,"name":"Sin categorizar","item":"https:\/\/gestiobcn.com\/es\/category\/sin-categorizar\/","nextItem":{"@type":"ListItem","@id":"https:\/\/gestiobcn.com\/es\/renta-2012-contribuyentes-no-obligados-a-declarar\/#listItem","name":"Renta 2012. Contribuyentes no obligados a declarar."},"previousItem":{"@type":"ListItem","@id":"https:\/\/gestiobcn.com\/es\/#listItem","name":"Home"}},{"@type":"ListItem","@id":"https:\/\/gestiobcn.com\/es\/renta-2012-contribuyentes-no-obligados-a-declarar\/#listItem","position":3,"name":"Renta 2012. Contribuyentes no obligados a declarar.","previousItem":{"@type":"ListItem","@id":"https:\/\/gestiobcn.com\/es\/category\/sin-categorizar\/#listItem","name":"Sin categorizar"}}]},{"@type":"Organization","@id":"https:\/\/gestiobcn.com\/es\/#organization","name":"Sagarra i Montalvo Gesti\u00f3 BCN SL","description":"financial advisor","url":"https:\/\/gestiobcn.com\/es\/","telephone":"+34936673626","logo":{"@type":"ImageObject","url":"https:\/\/gestiobcn.com\/wp-content\/uploads\/2021\/04\/fons-verd-quadrat.jpg","@id":"https:\/\/gestiobcn.com\/es\/renta-2012-contribuyentes-no-obligados-a-declarar\/#organizationLogo","width":280,"height":280,"caption":"GestioBCN"},"image":{"@id":"https:\/\/gestiobcn.com\/es\/renta-2012-contribuyentes-no-obligados-a-declarar\/#organizationLogo"}},{"@type":"Person","@id":"https:\/\/gestiobcn.com\/es\/author\/gestiobcn-com\/#author","url":"https:\/\/gestiobcn.com\/es\/author\/gestiobcn-com\/","name":"gestiobcn.com","image":{"@type":"ImageObject","@id":"https:\/\/gestiobcn.com\/es\/renta-2012-contribuyentes-no-obligados-a-declarar\/#authorImage","url":"https:\/\/secure.gravatar.com\/avatar\/389a875dd476c929f14521a4296056fe4a02d1e911cd5457c7b036d4ae7dfba1?s=96&d=mm&r=g","width":96,"height":96,"caption":"gestiobcn.com"}},{"@type":"WebPage","@id":"https:\/\/gestiobcn.com\/es\/renta-2012-contribuyentes-no-obligados-a-declarar\/#webpage","url":"https:\/\/gestiobcn.com\/es\/renta-2012-contribuyentes-no-obligados-a-declarar\/","name":"RENTA 2012. CONTRIBUYENTES NO OBLIGADOS A DECLARAR | Assessoria SM Gesti\u00f3 (Barcelona) Fiscal, laboral","description":"RENTA 2012. CONTRIBUYENTES NO OBLIGADOS A DECLARAR","inLanguage":"es-ES","isPartOf":{"@id":"https:\/\/gestiobcn.com\/es\/#website"},"breadcrumb":{"@id":"https:\/\/gestiobcn.com\/es\/renta-2012-contribuyentes-no-obligados-a-declarar\/#breadcrumblist"},"author":{"@id":"https:\/\/gestiobcn.com\/es\/author\/gestiobcn-com\/#author"},"creator":{"@id":"https:\/\/gestiobcn.com\/es\/author\/gestiobcn-com\/#author"},"image":{"@type":"ImageObject","url":"https:\/\/gestiobcn.com\/wp-content\/uploads\/2013\/04\/treball-autonom_42medium1.jpg","@id":"https:\/\/gestiobcn.com\/es\/renta-2012-contribuyentes-no-obligados-a-declarar\/#mainImage","width":400,"height":200},"primaryImageOfPage":{"@id":"https:\/\/gestiobcn.com\/es\/renta-2012-contribuyentes-no-obligados-a-declarar\/#mainImage"},"datePublished":"2013-04-08T08:30:53+01:00","dateModified":"2019-04-15T10:41:39+01:00"},{"@type":"WebSite","@id":"https:\/\/gestiobcn.com\/es\/#website","url":"https:\/\/gestiobcn.com\/es\/","name":"Assessoria SM Gesti\u00f3 (Barcelona) Fiscal, laboral","description":"financial advisor","inLanguage":"es-ES","publisher":{"@id":"https:\/\/gestiobcn.com\/es\/#organization"}}]}},"aioseo_meta_data":{"post_id":"2172","title":"RENTA 2012. CONTRIBUYENTES NO OBLIGADOS A DECLARAR | #site_title","description":"RENTA 2012. CONTRIBUYENTES NO OBLIGADOS A DECLARAR","keywords":[{"label":"ASESOR\u00cdA BARCELONA","value":"ASESOR\u00cdA BARCELONA"},{"label":"RENTA 2012","value":"RENTA 2012"},{"label":"DECLARACIONES DE LA RENTA","value":"DECLARACIONES DE LA RENTA"}],"keyphrases":null,"primary_term":null,"canonical_url":null,"og_title":null,"og_description":null,"og_object_type":"default","og_image_type":"default","og_image_url":null,"og_image_width":null,"og_image_height":null,"og_image_custom_url":null,"og_image_custom_fields":null,"og_video":null,"og_custom_url":null,"og_article_section":null,"og_article_tags":null,"twitter_use_og":false,"twitter_card":"default","twitter_image_type":"default","twitter_image_url":null,"twitter_image_custom_url":null,"twitter_image_custom_fields":null,"twitter_title":null,"twitter_description":null,"schema":{"blockGraphs":[],"customGraphs":[],"default":{"data":{"Article":[],"Course":[],"Dataset":[],"FAQPage":[],"Movie":[],"Person":[],"Product":[],"ProductReview":[],"Car":[],"Recipe":[],"Service":[],"SoftwareApplication":[],"WebPage":[]},"graphName":"Article","isEnabled":true},"graphs":[]},"schema_type":null,"schema_type_options":null,"pillar_content":false,"robots_default":true,"robots_noindex":false,"robots_noarchive":false,"robots_nosnippet":false,"robots_nofollow":false,"robots_noimageindex":false,"robots_noodp":false,"robots_notranslate":false,"robots_max_snippet":null,"robots_max_videopreview":null,"robots_max_imagepreview":"large","priority":null,"frequency":null,"local_seo":null,"breadcrumb_settings":null,"limit_modified_date":false,"ai":null,"created":"2021-04-02 08:44:20","updated":"2025-11-20 04:15:32","seo_analyzer_scan_date":null,"focus_keyword":null,"additional_keywords":null,"truseo_locale":null},"_links":{"self":[{"href":"https:\/\/gestiobcn.com\/es\/wp-json\/wp\/v2\/posts\/2172","targetHints":{"allow":["GET"]}}],"collection":[{"href":"https:\/\/gestiobcn.com\/es\/wp-json\/wp\/v2\/posts"}],"about":[{"href":"https:\/\/gestiobcn.com\/es\/wp-json\/wp\/v2\/types\/post"}],"author":[{"embeddable":true,"href":"https:\/\/gestiobcn.com\/es\/wp-json\/wp\/v2\/users\/2"}],"replies":[{"embeddable":true,"href":"https:\/\/gestiobcn.com\/es\/wp-json\/wp\/v2\/comments?post=2172"}],"version-history":[{"count":0,"href":"https:\/\/gestiobcn.com\/es\/wp-json\/wp\/v2\/posts\/2172\/revisions"}],"wp:featuredmedia":[{"embeddable":true,"href":"https:\/\/gestiobcn.com\/es\/wp-json\/wp\/v2\/media\/8876"}],"wp:attachment":[{"href":"https:\/\/gestiobcn.com\/es\/wp-json\/wp\/v2\/media?parent=2172"}],"wp:term":[{"taxonomy":"category","embeddable":true,"href":"https:\/\/gestiobcn.com\/es\/wp-json\/wp\/v2\/categories?post=2172"},{"taxonomy":"post_tag","embeddable":true,"href":"https:\/\/gestiobcn.com\/es\/wp-json\/wp\/v2\/tags?post=2172"}],"curies":[{"name":"wp","href":"https:\/\/api.w.org\/{rel}","templated":true}]}}