{"id":16172,"date":"2024-09-10T08:44:01","date_gmt":"2024-09-10T07:44:01","guid":{"rendered":"https:\/\/gestiobcn.com\/?p=16172"},"modified":"2024-09-10T08:44:01","modified_gmt":"2024-09-10T07:44:01","slug":"incentivos-fiscales-en-impuesto-de-sociedades-vehiculos-electricos-e-infraestructuras-de-recarga","status":"publish","type":"post","link":"https:\/\/gestiobcn.com\/es\/incentivos-fiscales-en-impuesto-de-sociedades-vehiculos-electricos-e-infraestructuras-de-recarga\/","title":{"rendered":"Incentivos fiscales en Impuesto de Sociedades veh\u00edculos el\u00e9ctricos e infraestructuras de recarga"},"content":{"rendered":"<p>El <a href=\"https:\/\/www.boe.es\/buscar\/act.php?id=BOE-A-2023-15135\">Real Decreto-ley 5\/2023<\/a>, publicado en 2023, introdujo importantes incentivos fiscales para fomentar el uso de veh\u00edculos el\u00e9ctricos. Estos incentivos impactaron tanto en el Impuesto sobre la Renta de las Personas F\u00edsicas (IRPF) como en el Impuesto de Sociedades (IS).<\/p>\n<p>Posteriormente con la publicaci\u00f3n del <a href=\"https:\/\/www.boe.es\/buscar\/act.php?id=BOE-A-2024-12944\">Real Decreto-ley 4\/2024<\/a> se reforzaron ciertas medidas econ\u00f3micas en la l\u00ednea de seguir impulsando la electrificaci\u00f3n de la movilidad en lo que se refiere a las medidas que afectan al Impuesto de Sociedades.<\/p>\n<p style=\"text-align: center;\"><span style=\"color: #008000;\"><strong>Concretamente se sustituye la amortizaci\u00f3n acelerada para veh\u00edculos el\u00e9ctricos y puntos de recarga aprobados en el RDL 5\/2023, por una libertad de amortizaci\u00f3n regulada en el RDL 4\/2024. En este art\u00edculo, nos centraremos en dichas medidas que afectan al IS.<\/strong><\/span><\/p>\n<p style=\"text-align: justify;\">Desde el 1 de enero de 2023, con la publicaci\u00f3n del RDL 5\/2023, las empresas pod\u00edan optar por amortizar m\u00e1s r\u00e1pidamente, <strong>Amortizaci\u00f3n Acelerada<\/strong>, ciertos veh\u00edculos nuevos y las infraestructuras de recarga asociadas. Para ello, se permite aplicar un coeficiente que duplica el coeficiente de amortizaci\u00f3n lineal m\u00e1ximo previsto en las tablas de amortizaci\u00f3n oficiales. Esta medida se sigue aplicando a los veh\u00edculos que entraron en funcionamiento en el 2023.<\/p>\n<p style=\"text-align: justify;\">Pero a ra\u00edz de la publicaci\u00f3n del RDL 4\/2024, se permite aplicar la <strong>Libertad de Amortizaci\u00f3n<\/strong>, con efectos para los periodos impositivos que se inicien a partir del 1 de enero del 2024, en determinados veh\u00edculos y en nuevas infraestructuras de recarga.<\/p>\n<p style=\"text-align: justify;\">Esta nueva medida se aplica en dos casos espec\u00edficos:<\/p>\n<ol style=\"text-align: justify;\">\n<li><strong> Inversi\u00f3n en veh\u00edculos nuevos:<\/strong><\/li>\n<\/ol>\n<ul style=\"text-align: justify;\">\n<li><strong>Tipos de veh\u00edculos:<\/strong> FCV, FCHV, BEV, REEV o PHEV, seg\u00fan las definiciones del Anexo II del Reglamento General de Veh\u00edculos (Real Decreto 2822\/1998, de 23 de diciembre).<\/li>\n<li><strong>Condiciones:<\/strong>\n<ul>\n<li>Se aplica a contribuyentes del IS que desarrollen una actividad econ\u00f3mica a la que est\u00e9n afectados dichos veh\u00edculos e instalaciones de recarga, cualquiera que sea el m\u00e9todo de determinaci\u00f3n de su rendimiento neto.<\/li>\n<li>La entrada en funcionamiento debe producirse en un per\u00edodo impositivo que se inicie entre 2024 y 2025.<\/li>\n<\/ul>\n<\/li>\n<\/ul>\n<ol style=\"text-align: justify;\" start=\"2\">\n<li><strong> Inversi\u00f3n en nuevas infraestructuras de recarga de veh\u00edculos el\u00e9ctricos:<\/strong><\/li>\n<\/ol>\n<ul style=\"text-align: justify;\">\n<li><strong>Caracter\u00edsticas de las infraestructuras:<\/strong>\n<ul>\n<li>Deben ser nuevas y de potencia normal o alta potencia, seg\u00fan la Directiva 2014\/94\/UE del Parlamento Europeo y del Consejo, de 22 de octubre de 2014.<\/li>\n<\/ul>\n<\/li>\n<li><strong>Condiciones:<\/strong>\n<ul>\n<li>La infraestructura debe estar afecta a una actividad econ\u00f3mica.<\/li>\n<li>La entrada en funcionamiento debe producirse en un per\u00edodo impositivo que se inicie entre 2024 y 2025.<\/li>\n<\/ul>\n<\/li>\n<\/ul>\n<p style=\"text-align: justify;\"><strong>Requisitos adicionales:<\/strong><\/p>\n<p style=\"text-align: justify;\">Para poder aplicar la libertad de amortizaci\u00f3n, adem\u00e1s de cumplir las condiciones mencionadas anteriormente, se deben presentar los siguientes documentos:<\/p>\n<ul style=\"text-align: justify;\">\n<li><strong>Documentaci\u00f3n t\u00e9cnica:<\/strong> Proyecto o Memoria de la instalaci\u00f3n, seg\u00fan las caracter\u00edsticas de la instalaci\u00f3n, conforme al Real Decreto 842\/2002, de 2 de agosto, y elaborada por un instalador autorizado registrado en el Registro Integrado Industrial.<\/li>\n<li><strong>Certificado de instalaci\u00f3n el\u00e9ctrica:<\/strong> Diligenciado por la Comunidad Aut\u00f3noma competente.<\/li>\n<\/ul>\n<p style=\"text-align: justify;\"><span style=\"color: #ffffff;\">.<\/span><\/p>\n<p style=\"text-align: center;\"><span style=\"color: #000000;\"><em>Si esta informaci\u00f3n ha sido de su inter\u00e9s puede compartirla. Si necesita informaci\u00f3n m\u00e1s detallada puede contactar con nosotros.<\/em><\/span><\/p>\n<p style=\"text-align: center;\"><span style=\"color: #ffffff;\">.<\/span><\/p>\n<p style=\"text-align: center;\"><span style=\"color: #008000;\"><strong>Asesor\u00eda en Barcelona<\/strong><\/span><\/p>\n<p style=\"text-align: center;\"><span style=\"color: #008000;\"><strong>SAGARRA I MONTALVO GESTI\u00d3 BCN, SL<\/strong><\/span><\/p>\n<p>&nbsp;<\/p>\n","protected":false},"excerpt":{"rendered":"<p>El Real Decreto-ley 5\/2023, publicado en 2023, introdujo importantes incentivos fiscales para fomentar el uso de veh\u00edculos el\u00e9ctricos. Estos incentivos impactaron tanto en el Impuesto sobre la Renta de las&#8230;<\/p>\n","protected":false},"author":2,"featured_media":15847,"comment_status":"closed","ping_status":"open","sticky":false,"template":"","format":"standard","meta":{"inline_featured_image":false,"footnotes":""},"categories":[181,625],"tags":[253,751],"class_list":["post-16172","post","type-post","status-publish","format-standard","has-post-thumbnail","hentry","category-area-fiscal","category-sociedades","tag-asesoria-en-barcelona","tag-impuesto-de-sociedades"],"aioseo_notices":[],"aioseo_head":"\n\t\t<!-- All in One SEO 5.0.1.1 - aioseo.com -->\n\t<meta name=\"description\" content=\"El Real Decreto-ley 5\/2023, publicado en 2023, introdujo importantes incentivos fiscales para fomentar el uso de veh\u00edculos el\u00e9ctricos. Estos incentivos impactaron tanto en el Impuesto sobre la Renta de las Personas F\u00edsicas (IRPF) como en el Impuesto de Sociedades (IS). Posteriormente con la publicaci\u00f3n del Real Decreto-ley 4\/2024 se reforzaron ciertas medidas econ\u00f3micas en la\" \/>\n\t<meta name=\"robots\" content=\"max-image-preview:large\" \/>\n\t<meta name=\"author\" content=\"gestiobcn.com\"\/>\n\t<link rel=\"canonical\" href=\"https:\/\/gestiobcn.com\/es\/incentivos-fiscales-en-impuesto-de-sociedades-vehiculos-electricos-e-infraestructuras-de-recarga\/\" \/>\n\t<meta name=\"generator\" content=\"All in One SEO (AIOSEO) 5.0.1.1\" \/>\n\t\t<script type=\"application\/ld+json\" class=\"aioseo-schema\">\n\t\t\t{\"@context\":\"https:\\\/\\\/schema.org\",\"@graph\":[{\"@type\":\"Article\",\"@id\":\"https:\\\/\\\/gestiobcn.com\\\/es\\\/incentivos-fiscales-en-impuesto-de-sociedades-vehiculos-electricos-e-infraestructuras-de-recarga\\\/#article\",\"name\":\"Incentivos fiscales en Impuesto de Sociedades veh\\u00edculos el\\u00e9ctricos e infraestructuras de recarga | Assessoria SM Gesti\\u00f3 (Barcelona) Fiscal, laboral\",\"headline\":\"Incentivos fiscales en Impuesto de Sociedades veh\\u00edculos el\\u00e9ctricos e infraestructuras de recarga\",\"author\":{\"@id\":\"https:\\\/\\\/gestiobcn.com\\\/es\\\/author\\\/gestiobcn-com\\\/#author\"},\"publisher\":{\"@id\":\"https:\\\/\\\/gestiobcn.com\\\/es\\\/#organization\"},\"image\":{\"@type\":\"ImageObject\",\"url\":\"https:\\\/\\\/gestiobcn.com\\\/wp-content\\\/uploads\\\/2024\\\/05\\\/vehicles-electrics.jpg\",\"width\":1280,\"height\":719},\"datePublished\":\"2024-09-10T08:44:01+01:00\",\"dateModified\":\"2024-09-10T08:44:01+01:00\",\"inLanguage\":\"es-ES\",\"mainEntityOfPage\":{\"@id\":\"https:\\\/\\\/gestiobcn.com\\\/es\\\/incentivos-fiscales-en-impuesto-de-sociedades-vehiculos-electricos-e-infraestructuras-de-recarga\\\/#webpage\"},\"isPartOf\":{\"@id\":\"https:\\\/\\\/gestiobcn.com\\\/es\\\/incentivos-fiscales-en-impuesto-de-sociedades-vehiculos-electricos-e-infraestructuras-de-recarga\\\/#webpage\"},\"articleSection\":\"Area Fiscal, Sociedades, asesor\\u00eda en Barcelona, impuesto de sociedades, Opcional\"},{\"@type\":\"BreadcrumbList\",\"@id\":\"https:\\\/\\\/gestiobcn.com\\\/es\\\/incentivos-fiscales-en-impuesto-de-sociedades-vehiculos-electricos-e-infraestructuras-de-recarga\\\/#breadcrumblist\",\"itemListElement\":[{\"@type\":\"ListItem\",\"@id\":\"https:\\\/\\\/gestiobcn.com\\\/es\\\/#listItem\",\"position\":1,\"name\":\"Home\",\"item\":\"https:\\\/\\\/gestiobcn.com\\\/es\\\/\",\"nextItem\":{\"@type\":\"ListItem\",\"@id\":\"https:\\\/\\\/gestiobcn.com\\\/es\\\/category\\\/area-fiscal\\\/#listItem\",\"name\":\"Area Fiscal\"}},{\"@type\":\"ListItem\",\"@id\":\"https:\\\/\\\/gestiobcn.com\\\/es\\\/category\\\/area-fiscal\\\/#listItem\",\"position\":2,\"name\":\"Area Fiscal\",\"item\":\"https:\\\/\\\/gestiobcn.com\\\/es\\\/category\\\/area-fiscal\\\/\",\"nextItem\":{\"@type\":\"ListItem\",\"@id\":\"https:\\\/\\\/gestiobcn.com\\\/es\\\/incentivos-fiscales-en-impuesto-de-sociedades-vehiculos-electricos-e-infraestructuras-de-recarga\\\/#listItem\",\"name\":\"Incentivos fiscales en Impuesto de Sociedades veh\\u00edculos el\\u00e9ctricos e infraestructuras de recarga\"},\"previousItem\":{\"@type\":\"ListItem\",\"@id\":\"https:\\\/\\\/gestiobcn.com\\\/es\\\/#listItem\",\"name\":\"Home\"}},{\"@type\":\"ListItem\",\"@id\":\"https:\\\/\\\/gestiobcn.com\\\/es\\\/incentivos-fiscales-en-impuesto-de-sociedades-vehiculos-electricos-e-infraestructuras-de-recarga\\\/#listItem\",\"position\":3,\"name\":\"Incentivos fiscales en Impuesto de Sociedades veh\\u00edculos el\\u00e9ctricos e infraestructuras de recarga\",\"previousItem\":{\"@type\":\"ListItem\",\"@id\":\"https:\\\/\\\/gestiobcn.com\\\/es\\\/category\\\/area-fiscal\\\/#listItem\",\"name\":\"Area Fiscal\"}}]},{\"@type\":\"Organization\",\"@id\":\"https:\\\/\\\/gestiobcn.com\\\/es\\\/#organization\",\"name\":\"Sagarra i Montalvo Gesti\\u00f3 BCN SL\",\"description\":\"financial advisor\",\"url\":\"https:\\\/\\\/gestiobcn.com\\\/es\\\/\",\"telephone\":\"+34936673626\",\"logo\":{\"@type\":\"ImageObject\",\"url\":\"https:\\\/\\\/gestiobcn.com\\\/wp-content\\\/uploads\\\/2021\\\/04\\\/fons-verd-quadrat.jpg\",\"@id\":\"https:\\\/\\\/gestiobcn.com\\\/es\\\/incentivos-fiscales-en-impuesto-de-sociedades-vehiculos-electricos-e-infraestructuras-de-recarga\\\/#organizationLogo\",\"width\":280,\"height\":280,\"caption\":\"GestioBCN\"},\"image\":{\"@id\":\"https:\\\/\\\/gestiobcn.com\\\/es\\\/incentivos-fiscales-en-impuesto-de-sociedades-vehiculos-electricos-e-infraestructuras-de-recarga\\\/#organizationLogo\"}},{\"@type\":\"Person\",\"@id\":\"https:\\\/\\\/gestiobcn.com\\\/es\\\/author\\\/gestiobcn-com\\\/#author\",\"url\":\"https:\\\/\\\/gestiobcn.com\\\/es\\\/author\\\/gestiobcn-com\\\/\",\"name\":\"gestiobcn.com\",\"image\":{\"@type\":\"ImageObject\",\"@id\":\"https:\\\/\\\/gestiobcn.com\\\/es\\\/incentivos-fiscales-en-impuesto-de-sociedades-vehiculos-electricos-e-infraestructuras-de-recarga\\\/#authorImage\",\"url\":\"https:\\\/\\\/secure.gravatar.com\\\/avatar\\\/389a875dd476c929f14521a4296056fe4a02d1e911cd5457c7b036d4ae7dfba1?s=96&d=mm&r=g\",\"width\":96,\"height\":96,\"caption\":\"gestiobcn.com\"}},{\"@type\":\"WebPage\",\"@id\":\"https:\\\/\\\/gestiobcn.com\\\/es\\\/incentivos-fiscales-en-impuesto-de-sociedades-vehiculos-electricos-e-infraestructuras-de-recarga\\\/#webpage\",\"url\":\"https:\\\/\\\/gestiobcn.com\\\/es\\\/incentivos-fiscales-en-impuesto-de-sociedades-vehiculos-electricos-e-infraestructuras-de-recarga\\\/\",\"name\":\"Incentivos fiscales en Impuesto de Sociedades veh\\u00edculos el\\u00e9ctricos e infraestructuras de recarga | Assessoria SM Gesti\\u00f3 (Barcelona) Fiscal, laboral\",\"description\":\"El Real Decreto-ley 5\\\/2023, publicado en 2023, introdujo importantes incentivos fiscales para fomentar el uso de veh\\u00edculos el\\u00e9ctricos. Estos incentivos impactaron tanto en el Impuesto sobre la Renta de las Personas F\\u00edsicas (IRPF) como en el Impuesto de Sociedades (IS). Posteriormente con la publicaci\\u00f3n del Real Decreto-ley 4\\\/2024 se reforzaron ciertas medidas econ\\u00f3micas en la\",\"inLanguage\":\"es-ES\",\"isPartOf\":{\"@id\":\"https:\\\/\\\/gestiobcn.com\\\/es\\\/#website\"},\"breadcrumb\":{\"@id\":\"https:\\\/\\\/gestiobcn.com\\\/es\\\/incentivos-fiscales-en-impuesto-de-sociedades-vehiculos-electricos-e-infraestructuras-de-recarga\\\/#breadcrumblist\"},\"author\":{\"@id\":\"https:\\\/\\\/gestiobcn.com\\\/es\\\/author\\\/gestiobcn-com\\\/#author\"},\"creator\":{\"@id\":\"https:\\\/\\\/gestiobcn.com\\\/es\\\/author\\\/gestiobcn-com\\\/#author\"},\"image\":{\"@type\":\"ImageObject\",\"url\":\"https:\\\/\\\/gestiobcn.com\\\/wp-content\\\/uploads\\\/2024\\\/05\\\/vehicles-electrics.jpg\",\"@id\":\"https:\\\/\\\/gestiobcn.com\\\/es\\\/incentivos-fiscales-en-impuesto-de-sociedades-vehiculos-electricos-e-infraestructuras-de-recarga\\\/#mainImage\",\"width\":1280,\"height\":719},\"primaryImageOfPage\":{\"@id\":\"https:\\\/\\\/gestiobcn.com\\\/es\\\/incentivos-fiscales-en-impuesto-de-sociedades-vehiculos-electricos-e-infraestructuras-de-recarga\\\/#mainImage\"},\"datePublished\":\"2024-09-10T08:44:01+01:00\",\"dateModified\":\"2024-09-10T08:44:01+01:00\"},{\"@type\":\"WebSite\",\"@id\":\"https:\\\/\\\/gestiobcn.com\\\/es\\\/#website\",\"url\":\"https:\\\/\\\/gestiobcn.com\\\/es\\\/\",\"name\":\"Assessoria SM Gesti\\u00f3 (Barcelona) Fiscal, laboral\",\"description\":\"financial advisor\",\"inLanguage\":\"es-ES\",\"publisher\":{\"@id\":\"https:\\\/\\\/gestiobcn.com\\\/es\\\/#organization\"}}]}\n\t\t<\/script>\n\t\t<!-- All in One SEO -->\n\n","aioseo_head_json":{"title":"Incentivos fiscales en Impuesto de Sociedades veh\u00edculos el\u00e9ctricos e infraestructuras de recarga | Assessoria SM Gesti\u00f3 (Barcelona) Fiscal, laboral","description":"El Real Decreto-ley 5\/2023, publicado en 2023, introdujo importantes incentivos fiscales para fomentar el uso de veh\u00edculos el\u00e9ctricos. Estos incentivos impactaron tanto en el Impuesto sobre la Renta de las Personas F\u00edsicas (IRPF) como en el Impuesto de Sociedades (IS). Posteriormente con la publicaci\u00f3n del Real Decreto-ley 4\/2024 se reforzaron ciertas medidas econ\u00f3micas en la","canonical_url":"https:\/\/gestiobcn.com\/es\/incentivos-fiscales-en-impuesto-de-sociedades-vehiculos-electricos-e-infraestructuras-de-recarga\/","robots":"max-image-preview:large","keywords":"","webmasterTools":{"miscellaneous":""},"schema":{"@context":"https:\/\/schema.org","@graph":[{"@type":"Article","@id":"https:\/\/gestiobcn.com\/es\/incentivos-fiscales-en-impuesto-de-sociedades-vehiculos-electricos-e-infraestructuras-de-recarga\/#article","name":"Incentivos fiscales en Impuesto de Sociedades veh\u00edculos el\u00e9ctricos e infraestructuras de recarga | Assessoria SM Gesti\u00f3 (Barcelona) Fiscal, laboral","headline":"Incentivos fiscales en Impuesto de Sociedades veh\u00edculos el\u00e9ctricos e infraestructuras de recarga","author":{"@id":"https:\/\/gestiobcn.com\/es\/author\/gestiobcn-com\/#author"},"publisher":{"@id":"https:\/\/gestiobcn.com\/es\/#organization"},"image":{"@type":"ImageObject","url":"https:\/\/gestiobcn.com\/wp-content\/uploads\/2024\/05\/vehicles-electrics.jpg","width":1280,"height":719},"datePublished":"2024-09-10T08:44:01+01:00","dateModified":"2024-09-10T08:44:01+01:00","inLanguage":"es-ES","mainEntityOfPage":{"@id":"https:\/\/gestiobcn.com\/es\/incentivos-fiscales-en-impuesto-de-sociedades-vehiculos-electricos-e-infraestructuras-de-recarga\/#webpage"},"isPartOf":{"@id":"https:\/\/gestiobcn.com\/es\/incentivos-fiscales-en-impuesto-de-sociedades-vehiculos-electricos-e-infraestructuras-de-recarga\/#webpage"},"articleSection":"Area Fiscal, Sociedades, asesor\u00eda en Barcelona, impuesto de sociedades, Opcional"},{"@type":"BreadcrumbList","@id":"https:\/\/gestiobcn.com\/es\/incentivos-fiscales-en-impuesto-de-sociedades-vehiculos-electricos-e-infraestructuras-de-recarga\/#breadcrumblist","itemListElement":[{"@type":"ListItem","@id":"https:\/\/gestiobcn.com\/es\/#listItem","position":1,"name":"Home","item":"https:\/\/gestiobcn.com\/es\/","nextItem":{"@type":"ListItem","@id":"https:\/\/gestiobcn.com\/es\/category\/area-fiscal\/#listItem","name":"Area Fiscal"}},{"@type":"ListItem","@id":"https:\/\/gestiobcn.com\/es\/category\/area-fiscal\/#listItem","position":2,"name":"Area Fiscal","item":"https:\/\/gestiobcn.com\/es\/category\/area-fiscal\/","nextItem":{"@type":"ListItem","@id":"https:\/\/gestiobcn.com\/es\/incentivos-fiscales-en-impuesto-de-sociedades-vehiculos-electricos-e-infraestructuras-de-recarga\/#listItem","name":"Incentivos fiscales en Impuesto de Sociedades veh\u00edculos el\u00e9ctricos e infraestructuras de recarga"},"previousItem":{"@type":"ListItem","@id":"https:\/\/gestiobcn.com\/es\/#listItem","name":"Home"}},{"@type":"ListItem","@id":"https:\/\/gestiobcn.com\/es\/incentivos-fiscales-en-impuesto-de-sociedades-vehiculos-electricos-e-infraestructuras-de-recarga\/#listItem","position":3,"name":"Incentivos fiscales en Impuesto de Sociedades veh\u00edculos el\u00e9ctricos e infraestructuras de recarga","previousItem":{"@type":"ListItem","@id":"https:\/\/gestiobcn.com\/es\/category\/area-fiscal\/#listItem","name":"Area Fiscal"}}]},{"@type":"Organization","@id":"https:\/\/gestiobcn.com\/es\/#organization","name":"Sagarra i Montalvo Gesti\u00f3 BCN SL","description":"financial advisor","url":"https:\/\/gestiobcn.com\/es\/","telephone":"+34936673626","logo":{"@type":"ImageObject","url":"https:\/\/gestiobcn.com\/wp-content\/uploads\/2021\/04\/fons-verd-quadrat.jpg","@id":"https:\/\/gestiobcn.com\/es\/incentivos-fiscales-en-impuesto-de-sociedades-vehiculos-electricos-e-infraestructuras-de-recarga\/#organizationLogo","width":280,"height":280,"caption":"GestioBCN"},"image":{"@id":"https:\/\/gestiobcn.com\/es\/incentivos-fiscales-en-impuesto-de-sociedades-vehiculos-electricos-e-infraestructuras-de-recarga\/#organizationLogo"}},{"@type":"Person","@id":"https:\/\/gestiobcn.com\/es\/author\/gestiobcn-com\/#author","url":"https:\/\/gestiobcn.com\/es\/author\/gestiobcn-com\/","name":"gestiobcn.com","image":{"@type":"ImageObject","@id":"https:\/\/gestiobcn.com\/es\/incentivos-fiscales-en-impuesto-de-sociedades-vehiculos-electricos-e-infraestructuras-de-recarga\/#authorImage","url":"https:\/\/secure.gravatar.com\/avatar\/389a875dd476c929f14521a4296056fe4a02d1e911cd5457c7b036d4ae7dfba1?s=96&d=mm&r=g","width":96,"height":96,"caption":"gestiobcn.com"}},{"@type":"WebPage","@id":"https:\/\/gestiobcn.com\/es\/incentivos-fiscales-en-impuesto-de-sociedades-vehiculos-electricos-e-infraestructuras-de-recarga\/#webpage","url":"https:\/\/gestiobcn.com\/es\/incentivos-fiscales-en-impuesto-de-sociedades-vehiculos-electricos-e-infraestructuras-de-recarga\/","name":"Incentivos fiscales en Impuesto de Sociedades veh\u00edculos el\u00e9ctricos e infraestructuras de recarga | Assessoria SM Gesti\u00f3 (Barcelona) Fiscal, laboral","description":"El Real Decreto-ley 5\/2023, publicado en 2023, introdujo importantes incentivos fiscales para fomentar el uso de veh\u00edculos el\u00e9ctricos. Estos incentivos impactaron tanto en el Impuesto sobre la Renta de las Personas F\u00edsicas (IRPF) como en el Impuesto de Sociedades (IS). Posteriormente con la publicaci\u00f3n del Real Decreto-ley 4\/2024 se reforzaron ciertas medidas econ\u00f3micas en la","inLanguage":"es-ES","isPartOf":{"@id":"https:\/\/gestiobcn.com\/es\/#website"},"breadcrumb":{"@id":"https:\/\/gestiobcn.com\/es\/incentivos-fiscales-en-impuesto-de-sociedades-vehiculos-electricos-e-infraestructuras-de-recarga\/#breadcrumblist"},"author":{"@id":"https:\/\/gestiobcn.com\/es\/author\/gestiobcn-com\/#author"},"creator":{"@id":"https:\/\/gestiobcn.com\/es\/author\/gestiobcn-com\/#author"},"image":{"@type":"ImageObject","url":"https:\/\/gestiobcn.com\/wp-content\/uploads\/2024\/05\/vehicles-electrics.jpg","@id":"https:\/\/gestiobcn.com\/es\/incentivos-fiscales-en-impuesto-de-sociedades-vehiculos-electricos-e-infraestructuras-de-recarga\/#mainImage","width":1280,"height":719},"primaryImageOfPage":{"@id":"https:\/\/gestiobcn.com\/es\/incentivos-fiscales-en-impuesto-de-sociedades-vehiculos-electricos-e-infraestructuras-de-recarga\/#mainImage"},"datePublished":"2024-09-10T08:44:01+01:00","dateModified":"2024-09-10T08:44:01+01:00"},{"@type":"WebSite","@id":"https:\/\/gestiobcn.com\/es\/#website","url":"https:\/\/gestiobcn.com\/es\/","name":"Assessoria SM Gesti\u00f3 (Barcelona) Fiscal, laboral","description":"financial advisor","inLanguage":"es-ES","publisher":{"@id":"https:\/\/gestiobcn.com\/es\/#organization"}}]}},"aioseo_meta_data":{"post_id":"16172","title":null,"description":null,"keywords":null,"keyphrases":{"focus":{"keyphrase":"","score":0,"analysis":{"keyphraseInTitle":{"score":0,"maxScore":9,"error":1}}},"additional":[]},"primary_term":null,"canonical_url":null,"og_title":null,"og_description":null,"og_object_type":"default","og_image_type":"default","og_image_url":null,"og_image_width":null,"og_image_height":null,"og_image_custom_url":null,"og_image_custom_fields":null,"og_video":"","og_custom_url":null,"og_article_section":null,"og_article_tags":null,"twitter_use_og":false,"twitter_card":"default","twitter_image_type":"default","twitter_image_url":null,"twitter_image_custom_url":null,"twitter_image_custom_fields":null,"twitter_title":null,"twitter_description":null,"schema":{"blockGraphs":[],"customGraphs":[],"default":{"data":{"Article":[],"Course":[],"Dataset":[],"FAQPage":[],"Movie":[],"Person":[],"Product":[],"ProductReview":[],"Car":[],"Recipe":[],"Service":[],"SoftwareApplication":[],"WebPage":[]},"graphName":"Article","isEnabled":true},"graphs":[]},"schema_type":"default","schema_type_options":null,"pillar_content":false,"robots_default":true,"robots_noindex":false,"robots_noarchive":false,"robots_nosnippet":false,"robots_nofollow":false,"robots_noimageindex":false,"robots_noodp":false,"robots_notranslate":false,"robots_max_snippet":"-1","robots_max_videopreview":"-1","robots_max_imagepreview":"large","priority":null,"frequency":"default","local_seo":null,"breadcrumb_settings":null,"limit_modified_date":false,"ai":null,"created":"2024-09-10 07:28:21","updated":"2025-11-20 05:22:35","seo_analyzer_scan_date":null,"focus_keyword":null,"additional_keywords":null,"truseo_locale":null},"_links":{"self":[{"href":"https:\/\/gestiobcn.com\/es\/wp-json\/wp\/v2\/posts\/16172","targetHints":{"allow":["GET"]}}],"collection":[{"href":"https:\/\/gestiobcn.com\/es\/wp-json\/wp\/v2\/posts"}],"about":[{"href":"https:\/\/gestiobcn.com\/es\/wp-json\/wp\/v2\/types\/post"}],"author":[{"embeddable":true,"href":"https:\/\/gestiobcn.com\/es\/wp-json\/wp\/v2\/users\/2"}],"replies":[{"embeddable":true,"href":"https:\/\/gestiobcn.com\/es\/wp-json\/wp\/v2\/comments?post=16172"}],"version-history":[{"count":3,"href":"https:\/\/gestiobcn.com\/es\/wp-json\/wp\/v2\/posts\/16172\/revisions"}],"predecessor-version":[{"id":16175,"href":"https:\/\/gestiobcn.com\/es\/wp-json\/wp\/v2\/posts\/16172\/revisions\/16175"}],"wp:featuredmedia":[{"embeddable":true,"href":"https:\/\/gestiobcn.com\/es\/wp-json\/wp\/v2\/media\/15847"}],"wp:attachment":[{"href":"https:\/\/gestiobcn.com\/es\/wp-json\/wp\/v2\/media?parent=16172"}],"wp:term":[{"taxonomy":"category","embeddable":true,"href":"https:\/\/gestiobcn.com\/es\/wp-json\/wp\/v2\/categories?post=16172"},{"taxonomy":"post_tag","embeddable":true,"href":"https:\/\/gestiobcn.com\/es\/wp-json\/wp\/v2\/tags?post=16172"}],"curies":[{"name":"wp","href":"https:\/\/api.w.org\/{rel}","templated":true}]}}