{"id":13833,"date":"2021-03-22T18:59:33","date_gmt":"2021-03-22T17:59:33","guid":{"rendered":"https:\/\/gestiobcn.com\/?p=13833"},"modified":"2021-03-22T19:01:54","modified_gmt":"2021-03-22T18:01:54","slug":"real-decreto-ley-5-2021-de-12-de-marzo-de-medidas-extraordinarias-de-apoyo-a-la-solvencia-empresarial-en-respuesta-a-la-pandemia-de-la-covid-19","status":"publish","type":"post","link":"https:\/\/gestiobcn.com\/es\/real-decreto-ley-5-2021-de-12-de-marzo-de-medidas-extraordinarias-de-apoyo-a-la-solvencia-empresarial-en-respuesta-a-la-pandemia-de-la-covid-19\/","title":{"rendered":"Real Decreto-ley 5\/2021, de 12 de marzo, de medidas extraordinarias de apoyo a la solvencia empresarial en respuesta a la pandemia de la COVID-19"},"content":{"rendered":"<p>\u00a0<\/p>\n<p style=\"text-align: center;\"><span style=\"color: #808000;\">Mediante el Real Decreto-ley, se crea la L\u00ednea Covid de ayudas directas a aut\u00f3nomos (empresarios y profesionales) y empresas para el apoyo a la solvencia y reducci\u00f3n del endeudamiento del sector privado.<\/span><\/p>\n<p>\u00a0<\/p>\n<p style=\"text-align: justify;\">Los destinatarios de las ayudas ser\u00e1n las empresas no financieras y los aut\u00f3nomos m\u00e1s afectados por la pandemia, siempre y cuando tengan su domicilio fiscal en territorio espa\u00f1ol o cuando se trate de entidades no residentes no financieras que operen en Espa\u00f1a a trav\u00e9s de establecimiento permanente.<\/p>\n<p style=\"text-align: justify;\">Las ayudas deben destinarse a satisfacer deudas y realizar pagos a proveedores y acreedores no financieros, as\u00ed como costes incurridos por los aut\u00f3nomos y empresas considerados elegibles.<\/p>\n<p>\u00a0<\/p>\n<p><u>Dotaci\u00f3n econ\u00f3mica<\/u><\/p>\n<p style=\"text-align: justify;\">Corresponder\u00e1 a Comunidad Aut\u00f3noma fijar el importe de las ayudas, si bien se establecen criterios para determinar las cuant\u00edas m\u00e1ximas de las ayudas directas:<\/p>\n<p style=\"text-align: justify;\">a) 3.000 euros cuando se trate de empresarios o profesionales que apliquen el r\u00e9gimen de estimaci\u00f3n objetiva en el Impuesto sobre la Renta de las Personas F\u00edsicas.<\/p>\n<p style=\"text-align: justify;\">b) Para aquellos empresarios y profesionales cuyo volumen de operaciones anual declarado o comprobado por la Administraci\u00f3n, en el Impuesto sobre el Valor A\u00f1adido o tributo indirecto equivalente, haya ca\u00eddo m\u00e1s del 30% en el a\u00f1o 2020 respecto al a\u00f1o 2019, la ayuda m\u00e1xima que se conceder\u00e1 ser\u00e1:<\/p>\n<p>\u00a0<\/p>\n<ul>\n<li style=\"text-align: justify;\">El 40 % de la ca\u00edda del volumen de operaciones en el a\u00f1o 2020 respecto del a\u00f1o 2019 que supere dicho 30%, en el caso de empresarios o profesionales que apliquen el r\u00e9gimen de estimaci\u00f3n directa en el Impuesto sobre la Renta de las Personas F\u00edsicas, as\u00ed como las entidades y establecimientos permanentes que tengan un m\u00e1ximo de 10 empleados.<\/li>\n<li style=\"text-align: justify;\">El 20 % del importe de la ca\u00edda del volumen de operaciones en el a\u00f1o 2020 respecto del a\u00f1o 2019 que supere dicho 30%, en el caso de entidades y empresarios o profesionales y establecimientos permanentes que tengan m\u00e1s de 10 empleados.<\/li>\n<li style=\"text-align: justify;\">En cualquier caso, la ayuda no podr\u00e1 ser inferior a 4.000 euros ni superior a 200.000 euros.<\/li>\n<\/ul>\n<p>\u00a0<\/p>\n<p><u>Requisitos<\/u><\/p>\n<ul>\n<li style=\"text-align: justify;\">Tener sede social en territorio espa\u00f1ol.<\/li>\n<li style=\"text-align: justify;\">Acreditar p\u00e9rdidas de al menos 30% en 2020 con respecto a 2019.<\/li>\n<li style=\"text-align: justify;\">Mantener su actividad hasta el 30 de junio de 2022.<\/li>\n<li style=\"text-align: justify;\">Como hemos mencionado, las ayudas han de ir destinadas a satisfacer obligaciones de deuda y pagos a proveedores, acreedores financieros y no financieros, as\u00ed como los costes fijos incurridos, siempre y cuando estas obligaciones se hubieran generado entre el 1 de marzo de 2020 y el 31 de mayo de 2021 y procedan de contratos anteriores a la fecha de entrada en vigor de este Real Decreto-ley.<\/li>\n<li style=\"text-align: justify;\">Estar al corriente de pagos en la Agencia Tributaria y Seguridad Social.<\/li>\n<li style=\"text-align: justify;\">Tener una actividad incluida en alguno de los c\u00f3digos de actividad del CNAE previstos en el anexo I del Real Decreto-Ley.<\/li>\n<li style=\"text-align: justify;\">No haber repartido dividendos ni subir los salarios de sus equipos directivos en un plazo de 2 a\u00f1os.<\/li>\n<li style=\"text-align: justify;\">No encontrarse en un procedimiento concursal.<\/li>\n<li style=\"text-align: justify;\">No haber cesado su actividad en el momento de la solicitud.<\/li>\n<li style=\"text-align: justify;\">No podr\u00e1 concederse ninguna ayuda directa pasado el 31 de diciembre de 2021.<\/li>\n<\/ul>\n<p>\u00a0<\/p>\n<p style=\"text-align: center;\"><span style=\"color: #808000;\">Asesor\u00eda en Barcelona<\/span><\/p>\n<p style=\"text-align: center;\"><span style=\"color: #808000;\">Sagarra i Montalvo Gesti\u00f3 BCN<\/span><\/p>\n\n\n\n","protected":false},"excerpt":{"rendered":"<p>\u00a0 Mediante el Real Decreto-ley, se crea la L\u00ednea Covid de ayudas directas a aut\u00f3nomos (empresarios y profesionales) y empresas para el apoyo a la solvencia y reducci\u00f3n del endeudamiento&#8230;<\/p>\n","protected":false},"author":2,"featured_media":13826,"comment_status":"open","ping_status":"open","sticky":false,"template":"","format":"standard","meta":{"inline_featured_image":false,"footnotes":""},"categories":[181],"tags":[253],"class_list":["post-13833","post","type-post","status-publish","format-standard","has-post-thumbnail","hentry","category-area-fiscal","tag-asesoria-en-barcelona"],"aioseo_notices":[],"aioseo_head":"\n\t\t<!-- All in One SEO 5.0.1.1 - aioseo.com -->\n\t<meta name=\"description\" content=\"Mediante el Real Decreto-ley, se crea la L\u00ednea Covid de ayudas directas a aut\u00f3nomos (empresarios y profesionales) y empresas para el apoyo a la solvencia y reducci\u00f3n del endeudamiento del sector privado. Los destinatarios de las ayudas ser\u00e1n las empresas no financieras y los aut\u00f3nomos m\u00e1s afectados por la pandemia, siempre y cuando\" \/>\n\t<meta name=\"robots\" content=\"max-image-preview:large\" \/>\n\t<meta name=\"author\" content=\"gestiobcn.com\"\/>\n\t<link rel=\"canonical\" href=\"https:\/\/gestiobcn.com\/es\/real-decreto-ley-5-2021-de-12-de-marzo-de-medidas-extraordinarias-de-apoyo-a-la-solvencia-empresarial-en-respuesta-a-la-pandemia-de-la-covid-19\/\" \/>\n\t<meta name=\"generator\" content=\"All in One SEO (AIOSEO) 5.0.1.1\" \/>\n\t\t<script type=\"application\/ld+json\" class=\"aioseo-schema\">\n\t\t\t{\"@context\":\"https:\\\/\\\/schema.org\",\"@graph\":[{\"@type\":\"Article\",\"@id\":\"https:\\\/\\\/gestiobcn.com\\\/es\\\/real-decreto-ley-5-2021-de-12-de-marzo-de-medidas-extraordinarias-de-apoyo-a-la-solvencia-empresarial-en-respuesta-a-la-pandemia-de-la-covid-19\\\/#article\",\"name\":\"Real Decreto-ley 5\\\/2021, de 12 de marzo, de medidas extraordinarias de apoyo a la solvencia empresarial en respuesta a la pandemia de la COVID-19 | Assessoria SM Gesti\\u00f3 (Barcelona) Fiscal, laboral\",\"headline\":\"Real Decreto-ley 5\\\/2021, de 12 de marzo, de medidas extraordinarias de apoyo a la solvencia empresarial en respuesta a la pandemia de la COVID-19\",\"author\":{\"@id\":\"https:\\\/\\\/gestiobcn.com\\\/es\\\/author\\\/gestiobcn-com\\\/#author\"},\"publisher\":{\"@id\":\"https:\\\/\\\/gestiobcn.com\\\/es\\\/#organization\"},\"image\":{\"@type\":\"ImageObject\",\"url\":\"https:\\\/\\\/gestiobcn.com\\\/wp-content\\\/uploads\\\/2021\\\/03\\\/ayudas.jpg\",\"width\":2560,\"height\":1920},\"datePublished\":\"2021-03-22T18:59:33+01:00\",\"dateModified\":\"2021-03-22T19:01:54+01:00\",\"inLanguage\":\"es-ES\",\"mainEntityOfPage\":{\"@id\":\"https:\\\/\\\/gestiobcn.com\\\/es\\\/real-decreto-ley-5-2021-de-12-de-marzo-de-medidas-extraordinarias-de-apoyo-a-la-solvencia-empresarial-en-respuesta-a-la-pandemia-de-la-covid-19\\\/#webpage\"},\"isPartOf\":{\"@id\":\"https:\\\/\\\/gestiobcn.com\\\/es\\\/real-decreto-ley-5-2021-de-12-de-marzo-de-medidas-extraordinarias-de-apoyo-a-la-solvencia-empresarial-en-respuesta-a-la-pandemia-de-la-covid-19\\\/#webpage\"},\"articleSection\":\"Area Fiscal, asesor\\u00eda en Barcelona, Opcional\"},{\"@type\":\"BreadcrumbList\",\"@id\":\"https:\\\/\\\/gestiobcn.com\\\/es\\\/real-decreto-ley-5-2021-de-12-de-marzo-de-medidas-extraordinarias-de-apoyo-a-la-solvencia-empresarial-en-respuesta-a-la-pandemia-de-la-covid-19\\\/#breadcrumblist\",\"itemListElement\":[{\"@type\":\"ListItem\",\"@id\":\"https:\\\/\\\/gestiobcn.com\\\/es\\\/#listItem\",\"position\":1,\"name\":\"Home\",\"item\":\"https:\\\/\\\/gestiobcn.com\\\/es\\\/\",\"nextItem\":{\"@type\":\"ListItem\",\"@id\":\"https:\\\/\\\/gestiobcn.com\\\/es\\\/category\\\/area-fiscal\\\/#listItem\",\"name\":\"Area Fiscal\"}},{\"@type\":\"ListItem\",\"@id\":\"https:\\\/\\\/gestiobcn.com\\\/es\\\/category\\\/area-fiscal\\\/#listItem\",\"position\":2,\"name\":\"Area Fiscal\",\"item\":\"https:\\\/\\\/gestiobcn.com\\\/es\\\/category\\\/area-fiscal\\\/\",\"nextItem\":{\"@type\":\"ListItem\",\"@id\":\"https:\\\/\\\/gestiobcn.com\\\/es\\\/real-decreto-ley-5-2021-de-12-de-marzo-de-medidas-extraordinarias-de-apoyo-a-la-solvencia-empresarial-en-respuesta-a-la-pandemia-de-la-covid-19\\\/#listItem\",\"name\":\"Real Decreto-ley 5\\\/2021, de 12 de marzo, de medidas extraordinarias de apoyo a la solvencia empresarial en respuesta a la pandemia de la COVID-19\"},\"previousItem\":{\"@type\":\"ListItem\",\"@id\":\"https:\\\/\\\/gestiobcn.com\\\/es\\\/#listItem\",\"name\":\"Home\"}},{\"@type\":\"ListItem\",\"@id\":\"https:\\\/\\\/gestiobcn.com\\\/es\\\/real-decreto-ley-5-2021-de-12-de-marzo-de-medidas-extraordinarias-de-apoyo-a-la-solvencia-empresarial-en-respuesta-a-la-pandemia-de-la-covid-19\\\/#listItem\",\"position\":3,\"name\":\"Real Decreto-ley 5\\\/2021, de 12 de marzo, de medidas extraordinarias de apoyo a la solvencia empresarial en respuesta a la pandemia de la COVID-19\",\"previousItem\":{\"@type\":\"ListItem\",\"@id\":\"https:\\\/\\\/gestiobcn.com\\\/es\\\/category\\\/area-fiscal\\\/#listItem\",\"name\":\"Area Fiscal\"}}]},{\"@type\":\"Organization\",\"@id\":\"https:\\\/\\\/gestiobcn.com\\\/es\\\/#organization\",\"name\":\"Sagarra i Montalvo Gesti\\u00f3 BCN SL\",\"description\":\"financial advisor\",\"url\":\"https:\\\/\\\/gestiobcn.com\\\/es\\\/\",\"telephone\":\"+34936673626\",\"logo\":{\"@type\":\"ImageObject\",\"url\":\"https:\\\/\\\/gestiobcn.com\\\/wp-content\\\/uploads\\\/2021\\\/04\\\/fons-verd-quadrat.jpg\",\"@id\":\"https:\\\/\\\/gestiobcn.com\\\/es\\\/real-decreto-ley-5-2021-de-12-de-marzo-de-medidas-extraordinarias-de-apoyo-a-la-solvencia-empresarial-en-respuesta-a-la-pandemia-de-la-covid-19\\\/#organizationLogo\",\"width\":280,\"height\":280,\"caption\":\"GestioBCN\"},\"image\":{\"@id\":\"https:\\\/\\\/gestiobcn.com\\\/es\\\/real-decreto-ley-5-2021-de-12-de-marzo-de-medidas-extraordinarias-de-apoyo-a-la-solvencia-empresarial-en-respuesta-a-la-pandemia-de-la-covid-19\\\/#organizationLogo\"}},{\"@type\":\"Person\",\"@id\":\"https:\\\/\\\/gestiobcn.com\\\/es\\\/author\\\/gestiobcn-com\\\/#author\",\"url\":\"https:\\\/\\\/gestiobcn.com\\\/es\\\/author\\\/gestiobcn-com\\\/\",\"name\":\"gestiobcn.com\",\"image\":{\"@type\":\"ImageObject\",\"@id\":\"https:\\\/\\\/gestiobcn.com\\\/es\\\/real-decreto-ley-5-2021-de-12-de-marzo-de-medidas-extraordinarias-de-apoyo-a-la-solvencia-empresarial-en-respuesta-a-la-pandemia-de-la-covid-19\\\/#authorImage\",\"url\":\"https:\\\/\\\/secure.gravatar.com\\\/avatar\\\/389a875dd476c929f14521a4296056fe4a02d1e911cd5457c7b036d4ae7dfba1?s=96&d=mm&r=g\",\"width\":96,\"height\":96,\"caption\":\"gestiobcn.com\"}},{\"@type\":\"WebPage\",\"@id\":\"https:\\\/\\\/gestiobcn.com\\\/es\\\/real-decreto-ley-5-2021-de-12-de-marzo-de-medidas-extraordinarias-de-apoyo-a-la-solvencia-empresarial-en-respuesta-a-la-pandemia-de-la-covid-19\\\/#webpage\",\"url\":\"https:\\\/\\\/gestiobcn.com\\\/es\\\/real-decreto-ley-5-2021-de-12-de-marzo-de-medidas-extraordinarias-de-apoyo-a-la-solvencia-empresarial-en-respuesta-a-la-pandemia-de-la-covid-19\\\/\",\"name\":\"Real Decreto-ley 5\\\/2021, de 12 de marzo, de medidas extraordinarias de apoyo a la solvencia empresarial en respuesta a la pandemia de la COVID-19 | Assessoria SM Gesti\\u00f3 (Barcelona) Fiscal, laboral\",\"description\":\"Mediante el Real Decreto-ley, se crea la L\\u00ednea Covid de ayudas directas a aut\\u00f3nomos (empresarios y profesionales) y empresas para el apoyo a la solvencia y reducci\\u00f3n del endeudamiento del sector privado. Los destinatarios de las ayudas ser\\u00e1n las empresas no financieras y los aut\\u00f3nomos m\\u00e1s afectados por la pandemia, siempre y cuando\",\"inLanguage\":\"es-ES\",\"isPartOf\":{\"@id\":\"https:\\\/\\\/gestiobcn.com\\\/es\\\/#website\"},\"breadcrumb\":{\"@id\":\"https:\\\/\\\/gestiobcn.com\\\/es\\\/real-decreto-ley-5-2021-de-12-de-marzo-de-medidas-extraordinarias-de-apoyo-a-la-solvencia-empresarial-en-respuesta-a-la-pandemia-de-la-covid-19\\\/#breadcrumblist\"},\"author\":{\"@id\":\"https:\\\/\\\/gestiobcn.com\\\/es\\\/author\\\/gestiobcn-com\\\/#author\"},\"creator\":{\"@id\":\"https:\\\/\\\/gestiobcn.com\\\/es\\\/author\\\/gestiobcn-com\\\/#author\"},\"image\":{\"@type\":\"ImageObject\",\"url\":\"https:\\\/\\\/gestiobcn.com\\\/wp-content\\\/uploads\\\/2021\\\/03\\\/ayudas.jpg\",\"@id\":\"https:\\\/\\\/gestiobcn.com\\\/es\\\/real-decreto-ley-5-2021-de-12-de-marzo-de-medidas-extraordinarias-de-apoyo-a-la-solvencia-empresarial-en-respuesta-a-la-pandemia-de-la-covid-19\\\/#mainImage\",\"width\":2560,\"height\":1920},\"primaryImageOfPage\":{\"@id\":\"https:\\\/\\\/gestiobcn.com\\\/es\\\/real-decreto-ley-5-2021-de-12-de-marzo-de-medidas-extraordinarias-de-apoyo-a-la-solvencia-empresarial-en-respuesta-a-la-pandemia-de-la-covid-19\\\/#mainImage\"},\"datePublished\":\"2021-03-22T18:59:33+01:00\",\"dateModified\":\"2021-03-22T19:01:54+01:00\"},{\"@type\":\"WebSite\",\"@id\":\"https:\\\/\\\/gestiobcn.com\\\/es\\\/#website\",\"url\":\"https:\\\/\\\/gestiobcn.com\\\/es\\\/\",\"name\":\"Assessoria SM Gesti\\u00f3 (Barcelona) Fiscal, laboral\",\"description\":\"financial advisor\",\"inLanguage\":\"es-ES\",\"publisher\":{\"@id\":\"https:\\\/\\\/gestiobcn.com\\\/es\\\/#organization\"}}]}\n\t\t<\/script>\n\t\t<!-- All in One SEO -->\n\n","aioseo_head_json":{"title":"Real Decreto-ley 5\/2021, de 12 de marzo, de medidas extraordinarias de apoyo a la solvencia empresarial en respuesta a la pandemia de la COVID-19 | Assessoria SM Gesti\u00f3 (Barcelona) Fiscal, laboral","description":"Mediante el Real Decreto-ley, se crea la L\u00ednea Covid de ayudas directas a aut\u00f3nomos (empresarios y profesionales) y empresas para el apoyo a la solvencia y reducci\u00f3n del endeudamiento del sector privado. Los destinatarios de las ayudas ser\u00e1n las empresas no financieras y los aut\u00f3nomos m\u00e1s afectados por la pandemia, siempre y cuando","canonical_url":"https:\/\/gestiobcn.com\/es\/real-decreto-ley-5-2021-de-12-de-marzo-de-medidas-extraordinarias-de-apoyo-a-la-solvencia-empresarial-en-respuesta-a-la-pandemia-de-la-covid-19\/","robots":"max-image-preview:large","keywords":"","webmasterTools":{"miscellaneous":""},"schema":{"@context":"https:\/\/schema.org","@graph":[{"@type":"Article","@id":"https:\/\/gestiobcn.com\/es\/real-decreto-ley-5-2021-de-12-de-marzo-de-medidas-extraordinarias-de-apoyo-a-la-solvencia-empresarial-en-respuesta-a-la-pandemia-de-la-covid-19\/#article","name":"Real Decreto-ley 5\/2021, de 12 de marzo, de medidas extraordinarias de apoyo a la solvencia empresarial en respuesta a la pandemia de la COVID-19 | Assessoria SM Gesti\u00f3 (Barcelona) Fiscal, laboral","headline":"Real Decreto-ley 5\/2021, de 12 de marzo, de medidas extraordinarias de apoyo a la solvencia empresarial en respuesta a la pandemia de la COVID-19","author":{"@id":"https:\/\/gestiobcn.com\/es\/author\/gestiobcn-com\/#author"},"publisher":{"@id":"https:\/\/gestiobcn.com\/es\/#organization"},"image":{"@type":"ImageObject","url":"https:\/\/gestiobcn.com\/wp-content\/uploads\/2021\/03\/ayudas.jpg","width":2560,"height":1920},"datePublished":"2021-03-22T18:59:33+01:00","dateModified":"2021-03-22T19:01:54+01:00","inLanguage":"es-ES","mainEntityOfPage":{"@id":"https:\/\/gestiobcn.com\/es\/real-decreto-ley-5-2021-de-12-de-marzo-de-medidas-extraordinarias-de-apoyo-a-la-solvencia-empresarial-en-respuesta-a-la-pandemia-de-la-covid-19\/#webpage"},"isPartOf":{"@id":"https:\/\/gestiobcn.com\/es\/real-decreto-ley-5-2021-de-12-de-marzo-de-medidas-extraordinarias-de-apoyo-a-la-solvencia-empresarial-en-respuesta-a-la-pandemia-de-la-covid-19\/#webpage"},"articleSection":"Area Fiscal, asesor\u00eda en Barcelona, Opcional"},{"@type":"BreadcrumbList","@id":"https:\/\/gestiobcn.com\/es\/real-decreto-ley-5-2021-de-12-de-marzo-de-medidas-extraordinarias-de-apoyo-a-la-solvencia-empresarial-en-respuesta-a-la-pandemia-de-la-covid-19\/#breadcrumblist","itemListElement":[{"@type":"ListItem","@id":"https:\/\/gestiobcn.com\/es\/#listItem","position":1,"name":"Home","item":"https:\/\/gestiobcn.com\/es\/","nextItem":{"@type":"ListItem","@id":"https:\/\/gestiobcn.com\/es\/category\/area-fiscal\/#listItem","name":"Area Fiscal"}},{"@type":"ListItem","@id":"https:\/\/gestiobcn.com\/es\/category\/area-fiscal\/#listItem","position":2,"name":"Area Fiscal","item":"https:\/\/gestiobcn.com\/es\/category\/area-fiscal\/","nextItem":{"@type":"ListItem","@id":"https:\/\/gestiobcn.com\/es\/real-decreto-ley-5-2021-de-12-de-marzo-de-medidas-extraordinarias-de-apoyo-a-la-solvencia-empresarial-en-respuesta-a-la-pandemia-de-la-covid-19\/#listItem","name":"Real Decreto-ley 5\/2021, de 12 de marzo, de medidas extraordinarias de apoyo a la solvencia empresarial en respuesta a la pandemia de la COVID-19"},"previousItem":{"@type":"ListItem","@id":"https:\/\/gestiobcn.com\/es\/#listItem","name":"Home"}},{"@type":"ListItem","@id":"https:\/\/gestiobcn.com\/es\/real-decreto-ley-5-2021-de-12-de-marzo-de-medidas-extraordinarias-de-apoyo-a-la-solvencia-empresarial-en-respuesta-a-la-pandemia-de-la-covid-19\/#listItem","position":3,"name":"Real Decreto-ley 5\/2021, de 12 de marzo, de medidas extraordinarias de apoyo a la solvencia empresarial en respuesta a la pandemia de la COVID-19","previousItem":{"@type":"ListItem","@id":"https:\/\/gestiobcn.com\/es\/category\/area-fiscal\/#listItem","name":"Area Fiscal"}}]},{"@type":"Organization","@id":"https:\/\/gestiobcn.com\/es\/#organization","name":"Sagarra i Montalvo Gesti\u00f3 BCN SL","description":"financial advisor","url":"https:\/\/gestiobcn.com\/es\/","telephone":"+34936673626","logo":{"@type":"ImageObject","url":"https:\/\/gestiobcn.com\/wp-content\/uploads\/2021\/04\/fons-verd-quadrat.jpg","@id":"https:\/\/gestiobcn.com\/es\/real-decreto-ley-5-2021-de-12-de-marzo-de-medidas-extraordinarias-de-apoyo-a-la-solvencia-empresarial-en-respuesta-a-la-pandemia-de-la-covid-19\/#organizationLogo","width":280,"height":280,"caption":"GestioBCN"},"image":{"@id":"https:\/\/gestiobcn.com\/es\/real-decreto-ley-5-2021-de-12-de-marzo-de-medidas-extraordinarias-de-apoyo-a-la-solvencia-empresarial-en-respuesta-a-la-pandemia-de-la-covid-19\/#organizationLogo"}},{"@type":"Person","@id":"https:\/\/gestiobcn.com\/es\/author\/gestiobcn-com\/#author","url":"https:\/\/gestiobcn.com\/es\/author\/gestiobcn-com\/","name":"gestiobcn.com","image":{"@type":"ImageObject","@id":"https:\/\/gestiobcn.com\/es\/real-decreto-ley-5-2021-de-12-de-marzo-de-medidas-extraordinarias-de-apoyo-a-la-solvencia-empresarial-en-respuesta-a-la-pandemia-de-la-covid-19\/#authorImage","url":"https:\/\/secure.gravatar.com\/avatar\/389a875dd476c929f14521a4296056fe4a02d1e911cd5457c7b036d4ae7dfba1?s=96&d=mm&r=g","width":96,"height":96,"caption":"gestiobcn.com"}},{"@type":"WebPage","@id":"https:\/\/gestiobcn.com\/es\/real-decreto-ley-5-2021-de-12-de-marzo-de-medidas-extraordinarias-de-apoyo-a-la-solvencia-empresarial-en-respuesta-a-la-pandemia-de-la-covid-19\/#webpage","url":"https:\/\/gestiobcn.com\/es\/real-decreto-ley-5-2021-de-12-de-marzo-de-medidas-extraordinarias-de-apoyo-a-la-solvencia-empresarial-en-respuesta-a-la-pandemia-de-la-covid-19\/","name":"Real Decreto-ley 5\/2021, de 12 de marzo, de medidas extraordinarias de apoyo a la solvencia empresarial en respuesta a la pandemia de la COVID-19 | Assessoria SM Gesti\u00f3 (Barcelona) Fiscal, laboral","description":"Mediante el Real Decreto-ley, se crea la L\u00ednea Covid de ayudas directas a aut\u00f3nomos (empresarios y profesionales) y empresas para el apoyo a la solvencia y reducci\u00f3n del endeudamiento del sector privado. Los destinatarios de las ayudas ser\u00e1n las empresas no financieras y los aut\u00f3nomos m\u00e1s afectados por la pandemia, siempre y cuando","inLanguage":"es-ES","isPartOf":{"@id":"https:\/\/gestiobcn.com\/es\/#website"},"breadcrumb":{"@id":"https:\/\/gestiobcn.com\/es\/real-decreto-ley-5-2021-de-12-de-marzo-de-medidas-extraordinarias-de-apoyo-a-la-solvencia-empresarial-en-respuesta-a-la-pandemia-de-la-covid-19\/#breadcrumblist"},"author":{"@id":"https:\/\/gestiobcn.com\/es\/author\/gestiobcn-com\/#author"},"creator":{"@id":"https:\/\/gestiobcn.com\/es\/author\/gestiobcn-com\/#author"},"image":{"@type":"ImageObject","url":"https:\/\/gestiobcn.com\/wp-content\/uploads\/2021\/03\/ayudas.jpg","@id":"https:\/\/gestiobcn.com\/es\/real-decreto-ley-5-2021-de-12-de-marzo-de-medidas-extraordinarias-de-apoyo-a-la-solvencia-empresarial-en-respuesta-a-la-pandemia-de-la-covid-19\/#mainImage","width":2560,"height":1920},"primaryImageOfPage":{"@id":"https:\/\/gestiobcn.com\/es\/real-decreto-ley-5-2021-de-12-de-marzo-de-medidas-extraordinarias-de-apoyo-a-la-solvencia-empresarial-en-respuesta-a-la-pandemia-de-la-covid-19\/#mainImage"},"datePublished":"2021-03-22T18:59:33+01:00","dateModified":"2021-03-22T19:01:54+01:00"},{"@type":"WebSite","@id":"https:\/\/gestiobcn.com\/es\/#website","url":"https:\/\/gestiobcn.com\/es\/","name":"Assessoria SM Gesti\u00f3 (Barcelona) Fiscal, laboral","description":"financial advisor","inLanguage":"es-ES","publisher":{"@id":"https:\/\/gestiobcn.com\/es\/#organization"}}]}},"aioseo_meta_data":{"post_id":"13833","title":null,"description":null,"keywords":null,"keyphrases":null,"primary_term":null,"canonical_url":null,"og_title":null,"og_description":null,"og_object_type":"default","og_image_type":"default","og_image_url":null,"og_image_width":null,"og_image_height":null,"og_image_custom_url":null,"og_image_custom_fields":null,"og_video":null,"og_custom_url":null,"og_article_section":null,"og_article_tags":null,"twitter_use_og":false,"twitter_card":"default","twitter_image_type":"default","twitter_image_url":null,"twitter_image_custom_url":null,"twitter_image_custom_fields":null,"twitter_title":null,"twitter_description":null,"schema":{"blockGraphs":[],"customGraphs":[],"default":{"data":{"Article":[],"Course":[],"Dataset":[],"FAQPage":[],"Movie":[],"Person":[],"Product":[],"ProductReview":[],"Car":[],"Recipe":[],"Service":[],"SoftwareApplication":[],"WebPage":[]},"graphName":"Article","isEnabled":true},"graphs":[]},"schema_type":null,"schema_type_options":null,"pillar_content":false,"robots_default":true,"robots_noindex":false,"robots_noarchive":false,"robots_nosnippet":false,"robots_nofollow":false,"robots_noimageindex":false,"robots_noodp":false,"robots_notranslate":false,"robots_max_snippet":null,"robots_max_videopreview":null,"robots_max_imagepreview":"large","priority":null,"frequency":null,"local_seo":null,"breadcrumb_settings":null,"limit_modified_date":false,"ai":null,"created":"2021-04-02 08:24:14","updated":"2025-11-20 05:11:57","seo_analyzer_scan_date":null,"focus_keyword":null,"additional_keywords":null,"truseo_locale":null},"_links":{"self":[{"href":"https:\/\/gestiobcn.com\/es\/wp-json\/wp\/v2\/posts\/13833","targetHints":{"allow":["GET"]}}],"collection":[{"href":"https:\/\/gestiobcn.com\/es\/wp-json\/wp\/v2\/posts"}],"about":[{"href":"https:\/\/gestiobcn.com\/es\/wp-json\/wp\/v2\/types\/post"}],"author":[{"embeddable":true,"href":"https:\/\/gestiobcn.com\/es\/wp-json\/wp\/v2\/users\/2"}],"replies":[{"embeddable":true,"href":"https:\/\/gestiobcn.com\/es\/wp-json\/wp\/v2\/comments?post=13833"}],"version-history":[{"count":0,"href":"https:\/\/gestiobcn.com\/es\/wp-json\/wp\/v2\/posts\/13833\/revisions"}],"wp:featuredmedia":[{"embeddable":true,"href":"https:\/\/gestiobcn.com\/es\/wp-json\/wp\/v2\/media\/13826"}],"wp:attachment":[{"href":"https:\/\/gestiobcn.com\/es\/wp-json\/wp\/v2\/media?parent=13833"}],"wp:term":[{"taxonomy":"category","embeddable":true,"href":"https:\/\/gestiobcn.com\/es\/wp-json\/wp\/v2\/categories?post=13833"},{"taxonomy":"post_tag","embeddable":true,"href":"https:\/\/gestiobcn.com\/es\/wp-json\/wp\/v2\/tags?post=13833"}],"curies":[{"name":"wp","href":"https:\/\/api.w.org\/{rel}","templated":true}]}}