{"id":13526,"date":"2020-07-30T07:43:15","date_gmt":"2020-07-30T06:43:15","guid":{"rendered":"https:\/\/gestiobcn.com\/?p=12312"},"modified":"2020-11-10T19:17:01","modified_gmt":"2020-11-10T18:17:01","slug":"exoneracion-sobre-la-cotizacion-de-las-cuotas-para-trabajadores-autonomos","status":"publish","type":"post","link":"https:\/\/gestiobcn.com\/es\/exoneracion-sobre-la-cotizacion-de-las-cuotas-para-trabajadores-autonomos\/","title":{"rendered":"Exoneraci\u00f3n sobre la cotizaci\u00f3n de las cuotas para trabajadores aut\u00f3nomos"},"content":{"rendered":"<p style=\"text-align: justify;\">En un blog anterior <a href=\"https:\/\/gestiobcn.com\/es\/nuevas-ayudas-para-trabajadores-autonomos\/\">VER<\/a> expusimos las nuevas ayudas para los trabajadores aut\u00f3nomos que establec\u00eda el Real Decreto-ley 24\/2020, de 26 de junio, de medidas sociales de reactivaci\u00f3n del empleo y protecci\u00f3n del trabajo aut\u00f3nomo.<\/p>\n<p style=\"text-align: justify;\">\u00a0<\/p>\n<p style=\"text-align: justify;\">Se establec\u00eda el derecho a exoneraciones de cuotas, las cuales queremos cuantificar.<\/p>\n<p style=\"text-align: justify;\">\u00a0<\/p>\n<p style=\"text-align: justify;\">Derecho a una exenci\u00f3n en las cotizaciones a la Seguridad Social y formaci\u00f3n profesional en los siguientes porcentajes:<\/p>\n<p style=\"text-align: justify;\">\u00a0<\/p>\n<p style=\"text-align: justify;\">a) 100% de las cotizaciones correspondientes al mes de julio.\u00a0<\/p>\n<p style=\"text-align: justify;\">As\u00ed, la exoneraci\u00f3n ser\u00e1 de 286,15 euros, suponiendo un ahorro de 286,15 euros.<\/p>\n<p style=\"text-align: justify;\">b) 50% de las cotizaciones correspondientes al mes de agosto.\u00a0<\/p>\n<p style=\"text-align: justify;\">La exoneraci\u00f3n ser\u00e1 de 143,08 euros, suponiendo un ahorro de 143,07 euros.<\/p>\n<p style=\"text-align: justify;\">c) 25% de las cotizaciones correspondientes al mes de septiembre.\u00a0<\/p>\n<p style=\"text-align: justify;\">La exoneraci\u00f3n ser\u00e1 de 71,54 euros, suponiendo un ahorro de 71,54 euros.<\/p>\n<p style=\"text-align: justify;\">Suponiendo un ahorro total de 500.76 euros.<\/p>\n<p style=\"text-align: justify;\">\u00a0<\/p>\n<p style=\"text-align: justify;\">La norma referenciada establece como alternativa a la exoneraci\u00f3n de cuotas, solicitar la prestaci\u00f3n por cese de actividad. Teniendo en cuenta que la prestaci\u00f3n es de 661,08 euros y que hay que realizar el pago de la cuota de aut\u00f3nomo, el ahorro por mes es de 374,93 euros.<\/p>\n<p style=\"text-align: justify;\">Suponiendo un ahorro total de 1.124,79 euros.<\/p>\n<p>\u00a0<\/p>\n<p style=\"text-align: center;\">Asesor\u00eda en Barcelona<\/p>\n<p style=\"text-align: center;\">SAGARRA i MONTALVO GESTI\u00d3 BCN<\/p>\n<p>\u00a0<\/p>\n\n","protected":false},"excerpt":{"rendered":"<p>En un blog anterior VER expusimos las nuevas ayudas para los trabajadores aut\u00f3nomos que establec\u00eda el Real Decreto-ley 24\/2020, de 26 de junio, de medidas sociales de reactivaci\u00f3n del empleo&#8230;<\/p>\n","protected":false},"author":2,"featured_media":0,"comment_status":"open","ping_status":"open","sticky":false,"template":"","format":"standard","meta":{"inline_featured_image":false,"footnotes":""},"categories":[181,182],"tags":[],"class_list":["post-13526","post","type-post","status-publish","format-standard","hentry","category-area-fiscal","category-area-laboral"],"aioseo_notices":[],"aioseo_head":"\n\t\t<!-- All in One SEO 5.0.1.1 - aioseo.com -->\n\t<meta name=\"description\" content=\"En un blog anterior VER expusimos las nuevas ayudas para los trabajadores aut\u00f3nomos que establec\u00eda el Real Decreto-ley 24\/2020, de 26 de junio, de medidas sociales de reactivaci\u00f3n del empleo y protecci\u00f3n del trabajo aut\u00f3nomo. Se establec\u00eda el derecho a exoneraciones de cuotas, las cuales queremos cuantificar. Derecho a una exenci\u00f3n en las\" \/>\n\t<meta name=\"robots\" content=\"max-image-preview:large\" \/>\n\t<meta name=\"author\" content=\"gestiobcn.com\"\/>\n\t<link rel=\"canonical\" href=\"https:\/\/gestiobcn.com\/es\/exoneracion-sobre-la-cotizacion-de-las-cuotas-para-trabajadores-autonomos\/\" \/>\n\t<meta name=\"generator\" content=\"All in One SEO (AIOSEO) 5.0.1.1\" \/>\n\t\t<script type=\"application\/ld+json\" class=\"aioseo-schema\">\n\t\t\t{\"@context\":\"https:\\\/\\\/schema.org\",\"@graph\":[{\"@type\":\"Article\",\"@id\":\"https:\\\/\\\/gestiobcn.com\\\/es\\\/exoneracion-sobre-la-cotizacion-de-las-cuotas-para-trabajadores-autonomos\\\/#article\",\"name\":\"Exoneraci\\u00f3n sobre la cotizaci\\u00f3n de las cuotas para trabajadores aut\\u00f3nomos | Assessoria SM Gesti\\u00f3 (Barcelona) Fiscal, laboral\",\"headline\":\"Exoneraci\\u00f3n sobre la cotizaci\\u00f3n de las cuotas para trabajadores aut\\u00f3nomos\",\"author\":{\"@id\":\"https:\\\/\\\/gestiobcn.com\\\/es\\\/author\\\/gestiobcn-com\\\/#author\"},\"publisher\":{\"@id\":\"https:\\\/\\\/gestiobcn.com\\\/es\\\/#organization\"},\"image\":{\"@type\":\"ImageObject\",\"url\":\"https:\\\/\\\/gestiobcn.com\\\/wp-content\\\/uploads\\\/2021\\\/04\\\/fons-verd-quadrat.jpg\",\"@id\":\"https:\\\/\\\/gestiobcn.com\\\/es\\\/#articleImage\",\"width\":280,\"height\":280,\"caption\":\"GestioBCN\"},\"datePublished\":\"2020-07-30T07:43:15+01:00\",\"dateModified\":\"2020-11-10T19:17:01+01:00\",\"inLanguage\":\"es-ES\",\"mainEntityOfPage\":{\"@id\":\"https:\\\/\\\/gestiobcn.com\\\/es\\\/exoneracion-sobre-la-cotizacion-de-las-cuotas-para-trabajadores-autonomos\\\/#webpage\"},\"isPartOf\":{\"@id\":\"https:\\\/\\\/gestiobcn.com\\\/es\\\/exoneracion-sobre-la-cotizacion-de-las-cuotas-para-trabajadores-autonomos\\\/#webpage\"},\"articleSection\":\"Area Fiscal, Area Laboral, Opcional\"},{\"@type\":\"BreadcrumbList\",\"@id\":\"https:\\\/\\\/gestiobcn.com\\\/es\\\/exoneracion-sobre-la-cotizacion-de-las-cuotas-para-trabajadores-autonomos\\\/#breadcrumblist\",\"itemListElement\":[{\"@type\":\"ListItem\",\"@id\":\"https:\\\/\\\/gestiobcn.com\\\/es\\\/#listItem\",\"position\":1,\"name\":\"Home\",\"item\":\"https:\\\/\\\/gestiobcn.com\\\/es\\\/\",\"nextItem\":{\"@type\":\"ListItem\",\"@id\":\"https:\\\/\\\/gestiobcn.com\\\/es\\\/category\\\/area-fiscal\\\/#listItem\",\"name\":\"Area Fiscal\"}},{\"@type\":\"ListItem\",\"@id\":\"https:\\\/\\\/gestiobcn.com\\\/es\\\/category\\\/area-fiscal\\\/#listItem\",\"position\":2,\"name\":\"Area Fiscal\",\"item\":\"https:\\\/\\\/gestiobcn.com\\\/es\\\/category\\\/area-fiscal\\\/\",\"nextItem\":{\"@type\":\"ListItem\",\"@id\":\"https:\\\/\\\/gestiobcn.com\\\/es\\\/exoneracion-sobre-la-cotizacion-de-las-cuotas-para-trabajadores-autonomos\\\/#listItem\",\"name\":\"Exoneraci\\u00f3n sobre la cotizaci\\u00f3n de las cuotas para trabajadores aut\\u00f3nomos\"},\"previousItem\":{\"@type\":\"ListItem\",\"@id\":\"https:\\\/\\\/gestiobcn.com\\\/es\\\/#listItem\",\"name\":\"Home\"}},{\"@type\":\"ListItem\",\"@id\":\"https:\\\/\\\/gestiobcn.com\\\/es\\\/exoneracion-sobre-la-cotizacion-de-las-cuotas-para-trabajadores-autonomos\\\/#listItem\",\"position\":3,\"name\":\"Exoneraci\\u00f3n sobre la cotizaci\\u00f3n de las cuotas para trabajadores aut\\u00f3nomos\",\"previousItem\":{\"@type\":\"ListItem\",\"@id\":\"https:\\\/\\\/gestiobcn.com\\\/es\\\/category\\\/area-fiscal\\\/#listItem\",\"name\":\"Area Fiscal\"}}]},{\"@type\":\"Organization\",\"@id\":\"https:\\\/\\\/gestiobcn.com\\\/es\\\/#organization\",\"name\":\"Sagarra i Montalvo Gesti\\u00f3 BCN SL\",\"description\":\"financial advisor\",\"url\":\"https:\\\/\\\/gestiobcn.com\\\/es\\\/\",\"telephone\":\"+34936673626\",\"logo\":{\"@type\":\"ImageObject\",\"url\":\"https:\\\/\\\/gestiobcn.com\\\/wp-content\\\/uploads\\\/2021\\\/04\\\/fons-verd-quadrat.jpg\",\"@id\":\"https:\\\/\\\/gestiobcn.com\\\/es\\\/exoneracion-sobre-la-cotizacion-de-las-cuotas-para-trabajadores-autonomos\\\/#organizationLogo\",\"width\":280,\"height\":280,\"caption\":\"GestioBCN\"},\"image\":{\"@id\":\"https:\\\/\\\/gestiobcn.com\\\/es\\\/exoneracion-sobre-la-cotizacion-de-las-cuotas-para-trabajadores-autonomos\\\/#organizationLogo\"}},{\"@type\":\"Person\",\"@id\":\"https:\\\/\\\/gestiobcn.com\\\/es\\\/author\\\/gestiobcn-com\\\/#author\",\"url\":\"https:\\\/\\\/gestiobcn.com\\\/es\\\/author\\\/gestiobcn-com\\\/\",\"name\":\"gestiobcn.com\",\"image\":{\"@type\":\"ImageObject\",\"@id\":\"https:\\\/\\\/gestiobcn.com\\\/es\\\/exoneracion-sobre-la-cotizacion-de-las-cuotas-para-trabajadores-autonomos\\\/#authorImage\",\"url\":\"https:\\\/\\\/secure.gravatar.com\\\/avatar\\\/389a875dd476c929f14521a4296056fe4a02d1e911cd5457c7b036d4ae7dfba1?s=96&d=mm&r=g\",\"width\":96,\"height\":96,\"caption\":\"gestiobcn.com\"}},{\"@type\":\"WebPage\",\"@id\":\"https:\\\/\\\/gestiobcn.com\\\/es\\\/exoneracion-sobre-la-cotizacion-de-las-cuotas-para-trabajadores-autonomos\\\/#webpage\",\"url\":\"https:\\\/\\\/gestiobcn.com\\\/es\\\/exoneracion-sobre-la-cotizacion-de-las-cuotas-para-trabajadores-autonomos\\\/\",\"name\":\"Exoneraci\\u00f3n sobre la cotizaci\\u00f3n de las cuotas para trabajadores aut\\u00f3nomos | Assessoria SM Gesti\\u00f3 (Barcelona) Fiscal, laboral\",\"description\":\"En un blog anterior VER expusimos las nuevas ayudas para los trabajadores aut\\u00f3nomos que establec\\u00eda el Real Decreto-ley 24\\\/2020, de 26 de junio, de medidas sociales de reactivaci\\u00f3n del empleo y protecci\\u00f3n del trabajo aut\\u00f3nomo. Se establec\\u00eda el derecho a exoneraciones de cuotas, las cuales queremos cuantificar. Derecho a una exenci\\u00f3n en las\",\"inLanguage\":\"es-ES\",\"isPartOf\":{\"@id\":\"https:\\\/\\\/gestiobcn.com\\\/es\\\/#website\"},\"breadcrumb\":{\"@id\":\"https:\\\/\\\/gestiobcn.com\\\/es\\\/exoneracion-sobre-la-cotizacion-de-las-cuotas-para-trabajadores-autonomos\\\/#breadcrumblist\"},\"author\":{\"@id\":\"https:\\\/\\\/gestiobcn.com\\\/es\\\/author\\\/gestiobcn-com\\\/#author\"},\"creator\":{\"@id\":\"https:\\\/\\\/gestiobcn.com\\\/es\\\/author\\\/gestiobcn-com\\\/#author\"},\"datePublished\":\"2020-07-30T07:43:15+01:00\",\"dateModified\":\"2020-11-10T19:17:01+01:00\"},{\"@type\":\"WebSite\",\"@id\":\"https:\\\/\\\/gestiobcn.com\\\/es\\\/#website\",\"url\":\"https:\\\/\\\/gestiobcn.com\\\/es\\\/\",\"name\":\"Assessoria SM Gesti\\u00f3 (Barcelona) Fiscal, laboral\",\"description\":\"financial advisor\",\"inLanguage\":\"es-ES\",\"publisher\":{\"@id\":\"https:\\\/\\\/gestiobcn.com\\\/es\\\/#organization\"}}]}\n\t\t<\/script>\n\t\t<!-- All in One SEO -->\n\n","aioseo_head_json":{"title":"Exoneraci\u00f3n sobre la cotizaci\u00f3n de las cuotas para trabajadores aut\u00f3nomos | Assessoria SM Gesti\u00f3 (Barcelona) Fiscal, laboral","description":"En un blog anterior VER expusimos las nuevas ayudas para los trabajadores aut\u00f3nomos que establec\u00eda el Real Decreto-ley 24\/2020, de 26 de junio, de medidas sociales de reactivaci\u00f3n del empleo y protecci\u00f3n del trabajo aut\u00f3nomo. Se establec\u00eda el derecho a exoneraciones de cuotas, las cuales queremos cuantificar. Derecho a una exenci\u00f3n en las","canonical_url":"https:\/\/gestiobcn.com\/es\/exoneracion-sobre-la-cotizacion-de-las-cuotas-para-trabajadores-autonomos\/","robots":"max-image-preview:large","keywords":"","webmasterTools":{"miscellaneous":""},"schema":{"@context":"https:\/\/schema.org","@graph":[{"@type":"Article","@id":"https:\/\/gestiobcn.com\/es\/exoneracion-sobre-la-cotizacion-de-las-cuotas-para-trabajadores-autonomos\/#article","name":"Exoneraci\u00f3n sobre la cotizaci\u00f3n de las cuotas para trabajadores aut\u00f3nomos | Assessoria SM Gesti\u00f3 (Barcelona) Fiscal, laboral","headline":"Exoneraci\u00f3n sobre la cotizaci\u00f3n de las cuotas para trabajadores aut\u00f3nomos","author":{"@id":"https:\/\/gestiobcn.com\/es\/author\/gestiobcn-com\/#author"},"publisher":{"@id":"https:\/\/gestiobcn.com\/es\/#organization"},"image":{"@type":"ImageObject","url":"https:\/\/gestiobcn.com\/wp-content\/uploads\/2021\/04\/fons-verd-quadrat.jpg","@id":"https:\/\/gestiobcn.com\/es\/#articleImage","width":280,"height":280,"caption":"GestioBCN"},"datePublished":"2020-07-30T07:43:15+01:00","dateModified":"2020-11-10T19:17:01+01:00","inLanguage":"es-ES","mainEntityOfPage":{"@id":"https:\/\/gestiobcn.com\/es\/exoneracion-sobre-la-cotizacion-de-las-cuotas-para-trabajadores-autonomos\/#webpage"},"isPartOf":{"@id":"https:\/\/gestiobcn.com\/es\/exoneracion-sobre-la-cotizacion-de-las-cuotas-para-trabajadores-autonomos\/#webpage"},"articleSection":"Area Fiscal, Area Laboral, Opcional"},{"@type":"BreadcrumbList","@id":"https:\/\/gestiobcn.com\/es\/exoneracion-sobre-la-cotizacion-de-las-cuotas-para-trabajadores-autonomos\/#breadcrumblist","itemListElement":[{"@type":"ListItem","@id":"https:\/\/gestiobcn.com\/es\/#listItem","position":1,"name":"Home","item":"https:\/\/gestiobcn.com\/es\/","nextItem":{"@type":"ListItem","@id":"https:\/\/gestiobcn.com\/es\/category\/area-fiscal\/#listItem","name":"Area Fiscal"}},{"@type":"ListItem","@id":"https:\/\/gestiobcn.com\/es\/category\/area-fiscal\/#listItem","position":2,"name":"Area Fiscal","item":"https:\/\/gestiobcn.com\/es\/category\/area-fiscal\/","nextItem":{"@type":"ListItem","@id":"https:\/\/gestiobcn.com\/es\/exoneracion-sobre-la-cotizacion-de-las-cuotas-para-trabajadores-autonomos\/#listItem","name":"Exoneraci\u00f3n sobre la cotizaci\u00f3n de las cuotas para trabajadores aut\u00f3nomos"},"previousItem":{"@type":"ListItem","@id":"https:\/\/gestiobcn.com\/es\/#listItem","name":"Home"}},{"@type":"ListItem","@id":"https:\/\/gestiobcn.com\/es\/exoneracion-sobre-la-cotizacion-de-las-cuotas-para-trabajadores-autonomos\/#listItem","position":3,"name":"Exoneraci\u00f3n sobre la cotizaci\u00f3n de las cuotas para trabajadores aut\u00f3nomos","previousItem":{"@type":"ListItem","@id":"https:\/\/gestiobcn.com\/es\/category\/area-fiscal\/#listItem","name":"Area Fiscal"}}]},{"@type":"Organization","@id":"https:\/\/gestiobcn.com\/es\/#organization","name":"Sagarra i Montalvo Gesti\u00f3 BCN SL","description":"financial advisor","url":"https:\/\/gestiobcn.com\/es\/","telephone":"+34936673626","logo":{"@type":"ImageObject","url":"https:\/\/gestiobcn.com\/wp-content\/uploads\/2021\/04\/fons-verd-quadrat.jpg","@id":"https:\/\/gestiobcn.com\/es\/exoneracion-sobre-la-cotizacion-de-las-cuotas-para-trabajadores-autonomos\/#organizationLogo","width":280,"height":280,"caption":"GestioBCN"},"image":{"@id":"https:\/\/gestiobcn.com\/es\/exoneracion-sobre-la-cotizacion-de-las-cuotas-para-trabajadores-autonomos\/#organizationLogo"}},{"@type":"Person","@id":"https:\/\/gestiobcn.com\/es\/author\/gestiobcn-com\/#author","url":"https:\/\/gestiobcn.com\/es\/author\/gestiobcn-com\/","name":"gestiobcn.com","image":{"@type":"ImageObject","@id":"https:\/\/gestiobcn.com\/es\/exoneracion-sobre-la-cotizacion-de-las-cuotas-para-trabajadores-autonomos\/#authorImage","url":"https:\/\/secure.gravatar.com\/avatar\/389a875dd476c929f14521a4296056fe4a02d1e911cd5457c7b036d4ae7dfba1?s=96&d=mm&r=g","width":96,"height":96,"caption":"gestiobcn.com"}},{"@type":"WebPage","@id":"https:\/\/gestiobcn.com\/es\/exoneracion-sobre-la-cotizacion-de-las-cuotas-para-trabajadores-autonomos\/#webpage","url":"https:\/\/gestiobcn.com\/es\/exoneracion-sobre-la-cotizacion-de-las-cuotas-para-trabajadores-autonomos\/","name":"Exoneraci\u00f3n sobre la cotizaci\u00f3n de las cuotas para trabajadores aut\u00f3nomos | Assessoria SM Gesti\u00f3 (Barcelona) Fiscal, laboral","description":"En un blog anterior VER expusimos las nuevas ayudas para los trabajadores aut\u00f3nomos que establec\u00eda el Real Decreto-ley 24\/2020, de 26 de junio, de medidas sociales de reactivaci\u00f3n del empleo y protecci\u00f3n del trabajo aut\u00f3nomo. Se establec\u00eda el derecho a exoneraciones de cuotas, las cuales queremos cuantificar. Derecho a una exenci\u00f3n en las","inLanguage":"es-ES","isPartOf":{"@id":"https:\/\/gestiobcn.com\/es\/#website"},"breadcrumb":{"@id":"https:\/\/gestiobcn.com\/es\/exoneracion-sobre-la-cotizacion-de-las-cuotas-para-trabajadores-autonomos\/#breadcrumblist"},"author":{"@id":"https:\/\/gestiobcn.com\/es\/author\/gestiobcn-com\/#author"},"creator":{"@id":"https:\/\/gestiobcn.com\/es\/author\/gestiobcn-com\/#author"},"datePublished":"2020-07-30T07:43:15+01:00","dateModified":"2020-11-10T19:17:01+01:00"},{"@type":"WebSite","@id":"https:\/\/gestiobcn.com\/es\/#website","url":"https:\/\/gestiobcn.com\/es\/","name":"Assessoria SM Gesti\u00f3 (Barcelona) Fiscal, laboral","description":"financial advisor","inLanguage":"es-ES","publisher":{"@id":"https:\/\/gestiobcn.com\/es\/#organization"}}]}},"aioseo_meta_data":{"post_id":"13526","title":null,"description":null,"keywords":null,"keyphrases":null,"primary_term":null,"canonical_url":null,"og_title":null,"og_description":null,"og_object_type":"default","og_image_type":"default","og_image_url":null,"og_image_width":null,"og_image_height":null,"og_image_custom_url":null,"og_image_custom_fields":null,"og_video":null,"og_custom_url":null,"og_article_section":null,"og_article_tags":null,"twitter_use_og":false,"twitter_card":"default","twitter_image_type":"default","twitter_image_url":null,"twitter_image_custom_url":null,"twitter_image_custom_fields":null,"twitter_title":null,"twitter_description":null,"schema":{"blockGraphs":[],"customGraphs":[],"default":{"data":{"Article":[],"Course":[],"Dataset":[],"FAQPage":[],"Movie":[],"Person":[],"Product":[],"ProductReview":[],"Car":[],"Recipe":[],"Service":[],"SoftwareApplication":[],"WebPage":[]},"graphName":"Article","isEnabled":true},"graphs":[]},"schema_type":null,"schema_type_options":null,"pillar_content":false,"robots_default":true,"robots_noindex":false,"robots_noarchive":false,"robots_nosnippet":false,"robots_nofollow":false,"robots_noimageindex":false,"robots_noodp":false,"robots_notranslate":false,"robots_max_snippet":null,"robots_max_videopreview":null,"robots_max_imagepreview":"large","priority":null,"frequency":null,"local_seo":null,"breadcrumb_settings":null,"limit_modified_date":false,"ai":null,"created":"2021-04-02 08:25:25","updated":"2025-11-20 05:06:24","seo_analyzer_scan_date":null,"focus_keyword":null,"additional_keywords":null,"truseo_locale":null},"_links":{"self":[{"href":"https:\/\/gestiobcn.com\/es\/wp-json\/wp\/v2\/posts\/13526","targetHints":{"allow":["GET"]}}],"collection":[{"href":"https:\/\/gestiobcn.com\/es\/wp-json\/wp\/v2\/posts"}],"about":[{"href":"https:\/\/gestiobcn.com\/es\/wp-json\/wp\/v2\/types\/post"}],"author":[{"embeddable":true,"href":"https:\/\/gestiobcn.com\/es\/wp-json\/wp\/v2\/users\/2"}],"replies":[{"embeddable":true,"href":"https:\/\/gestiobcn.com\/es\/wp-json\/wp\/v2\/comments?post=13526"}],"version-history":[{"count":0,"href":"https:\/\/gestiobcn.com\/es\/wp-json\/wp\/v2\/posts\/13526\/revisions"}],"wp:attachment":[{"href":"https:\/\/gestiobcn.com\/es\/wp-json\/wp\/v2\/media?parent=13526"}],"wp:term":[{"taxonomy":"category","embeddable":true,"href":"https:\/\/gestiobcn.com\/es\/wp-json\/wp\/v2\/categories?post=13526"},{"taxonomy":"post_tag","embeddable":true,"href":"https:\/\/gestiobcn.com\/es\/wp-json\/wp\/v2\/tags?post=13526"}],"curies":[{"name":"wp","href":"https:\/\/api.w.org\/{rel}","templated":true}]}}