{"id":13525,"date":"2020-07-22T11:56:16","date_gmt":"2020-07-22T10:56:16","guid":{"rendered":"https:\/\/gestiobcn.com\/?p=12304"},"modified":"2020-11-10T19:25:53","modified_gmt":"2020-11-10T18:25:53","slug":"ayudas-minimis-y-su-registro-contable-regimen-de-minimis","status":"publish","type":"post","link":"https:\/\/gestiobcn.com\/es\/ayudas-minimis-y-su-registro-contable-regimen-de-minimis\/","title":{"rendered":"Ayudas Minimis y su registro contable (R\u00e9gimen de Minimis)"},"content":{"rendered":"<p style=\"text-align: justify;\">El&nbsp;R\u00e9gimen de Minimis&nbsp;es una norma dictada por la Comisi\u00f3n Europea que fija el importe m\u00e1ximo de las ayudas econ\u00f3micas que los Estados miembros pueden conceder a sus empresas. Es decir, limita la cantidad m\u00e1xima de subvenci\u00f3n que podemos recibir.<\/p>\n<p style=\"text-align: justify;\">Actualmente, la m\u00e1xima cantidad que una empresa puede recibir de ayudas, sujetas al r\u00e9gimen de minimis, es de 200.000,00 \u20ac, en tres ejercicios fiscales. Es decir, el ejercicio fiscal presente y los dos anteriores.<\/p>\n<p style=\"text-align: justify;\">No todas las ayudas existentes (financiaci\u00f3n y subvenci\u00f3n) est\u00e1n sujetas a minimis. Toda ayuda p\u00fablica debe hacer menci\u00f3n&nbsp;en sus&nbsp;\u00f3rdenes de base<em>,<\/em>&nbsp;que \u00e9sta est\u00e1 sujeta a&nbsp;minimis o no, de lo contrario esta norma no la tendr\u00edamos en cuenta.<\/p>\n<p style=\"text-align: justify;\">\n<p style=\"text-align: justify;\">Para ayudar a mitigar el impacto econ\u00f3mico que va a tener sobre la actividad econ\u00f3mica el coronavirus, el gobierno se han lanzado paquetes de medidas entre las que se encuentra la financiaci\u00f3n a trav\u00e9s de Las L\u00edneas ICO que es un instrumento de financiaci\u00f3n con las que el Instituto de Cr\u00e9dito Oficial&nbsp;facilita fondos con la intermediaci\u00f3n de las entidades de cr\u00e9dito.<\/p>\n<p style=\"text-align: justify;\">La finalidad de estas ayudas es cubrir las nuevas financiaciones o renovaciones&nbsp;concedidas por las entidades financieras&nbsp;a empresas y aut\u00f3nomos para atender las necesidades derivadas de, entre otros<em>, <\/em>pagos de salarios, facturas, necesidad de circulante u otras necesidades de liquidez, incluyendo las derivadas de vencimientos de obligaciones financieras o tributarias, con el objetivo de facilitar el mantenimiento del empleo y paliar los efectos econ\u00f3micos del COVID-19. La financiaci\u00f3n avalada no podr\u00e1 destinarse al pago de dividendos ni de dividendos a cuenta ni a una finalidad diferente a la establecida.<\/p>\n<p style=\"text-align: justify;\">Quedan excluidas del objeto de la l\u00ednea las unificaciones y reestructuraciones de pr\u00e9stamos, as\u00ed como la refinanciaci\u00f3n, cancelaci\u00f3n o amortizaci\u00f3n anticipada de deudas preexistentes.<\/p>\n<p style=\"text-align: justify;\">Estas ayudas, dependiendo del origen de los fondos, pueden estar sujetos a r\u00e9gimen de minimis. Si es el caso, podr\u00edamos estar hablando de un <strong>pr\u00e9stamo subvencionado<\/strong>.<\/p>\n<p style=\"text-align: justify;\">En este caso, la sociedad va a tener subvencionado el inter\u00e9s que paga por su financiaci\u00f3n, haciendo que este se quede por debajo del inter\u00e9s de mercado.<\/p>\n<p style=\"text-align: justify;\"><em><u>Ejemplo de una financiaci\u00f3n sujeta a minimis:<\/u><\/em><\/p>\n<p style=\"text-align: justify;\"><em>Una empresa recibi\u00f3 120.000,00 euros de un pr\u00e9stamo.<\/em><\/p>\n<p style=\"text-align: justify;\"><em>tipo inter\u00e9s 0,3% (inter\u00e9s de mercado es 2%)<\/em><\/p>\n<p style=\"text-align: justify;\"><em>sujeta al r\u00e9gimen de minimis:<\/em><\/p>\n<ul style=\"text-align: justify;\">\n<li><em>bonificaci\u00f3n del tipo de inter\u00e9s.<\/em><\/li>\n<li><em>Se concede un tramo no reembolsable del 6%. (tramo que no hay que devolver de la ayuda p\u00fablica)<\/em><\/li>\n<\/ul>\n<p style=\"text-align: justify;\"><em>Diferencia entre el tipo de inter\u00e9s: 2%-0,3% = 1,97%<\/em><\/p>\n<p style=\"text-align: justify;\"><em>200.000 x 1,97% = 3.940,00<\/em><\/p>\n<p style=\"text-align: justify;\"><em>200.000,00 x 6% = 7.200,00 tramo no reembolsable<\/em><\/p>\n<p style=\"text-align: justify;\"><em>Suma bonificaciones: 3.940,00 + 7.200,00 = 11.140,00<\/em><\/p>\n<p style=\"text-align: justify;\">De esta manera la empresa ha recibido ayudas en concepto de minis por valor de: 11.140,00 \u20ac correspondiente a 7.200,00 \u20ac de subvenci\u00f3n (tramo no reembolsable) m\u00e1s 3.940,00 \u20ac de la bonificaci\u00f3n del tipo de inter\u00e9s.<\/p>\n<p style=\"text-align: justify;\">Si suponemos que esta empresa recibi\u00f3 el ejercicio anterior 107.500,00 euros para realizar un proyecto, podemos calcular el importe total de las subvenciones brutas recibidas y que importe de margen tiene para seguir solicitando ayudas:<\/p>\n<ul style=\"text-align: justify;\">\n<li>200.000,00 (importe m\u00e1ximo de las ayudas durante tres a\u00f1os) \u2013 11.140,00 (importe de la ayuda solicitada actualmente) \u2013 107.500,00 euros (importe de la ayuda solicitada en el ejercicio anterior) = 81.360 euros.<\/li>\n<\/ul>\n<p style=\"text-align: justify;\">Por tanto, la empresa podr\u00eda seguir solicitando ayudas por un valor m\u00e1ximo de 81.360,00 euros, siempre y cuando no se haya beneficiado de ayudas superiores a este importe en los tres ejercicios anteriores.<\/p>\n<p style=\"text-align: justify;\">\n<p style=\"text-align: justify;\">Para contabilizar la formalizaci\u00f3n de un pr\u00e9stamo subvencionado, debemos de contabilizar las deudas a valor razonable, cantidad que no va a coincidir con el importe recibido por banco:<\/p>\n<table style=\"height: 200px; width: 100%;\">\n<tbody>\n<tr>\n<td style=\"border-style: ridge; border-color: #000000;\" width=\"369\"><strong>&nbsp;<\/strong><\/td>\n<td style=\"text-align: center; border-style: ridge; border-color: #000000;\" width=\"95\"><strong>Debe<\/strong><\/td>\n<td style=\"text-align: center; border-style: ridge; border-color: #000000;\" width=\"76\"><strong>Haber<\/strong><\/td>\n<\/tr>\n<tr>\n<td style=\"border-style: ridge; border-color: #000000;\" width=\"369\">(572) Banco c\/c<\/td>\n<td style=\"text-align: center; border-style: ridge; border-color: #000000;\" width=\"95\">Importe recibido<\/td>\n<td style=\"text-align: center; border-style: ridge; border-color: #000000;\" width=\"76\"><\/td>\n<\/tr>\n<tr>\n<td style=\"border-style: ridge; border-color: #000000;\" width=\"369\">(170) Deudas a l\/p<\/td>\n<td style=\"text-align: center; border-style: ridge; border-color: #000000;\" width=\"95\"><\/td>\n<td style=\"text-align: center; border-style: ridge; border-color: #000000;\" rowspan=\"2\" width=\"76\">Valor razonable<\/td>\n<\/tr>\n<tr>\n<td style=\"border-style: ridge; border-color: #000000;\" width=\"369\">(520) Deudas a c\/p<\/td>\n<td style=\"text-align: center; border-style: ridge; border-color: #000000;\" width=\"95\"><\/td>\n<\/tr>\n<tr>\n<td style=\"border-style: ridge; border-color: #000000;\" width=\"369\">Subvenci\u00f3n<\/td>\n<td style=\"text-align: center; border-style: ridge; border-color: #000000;\" width=\"95\"><\/td>\n<td style=\"text-align: center; border-style: ridge; border-color: #000000;\" width=\"76\">XXX<\/td>\n<\/tr>\n<\/tbody>\n<\/table>\n<p style=\"text-align: justify;\">\n<p style=\"text-align: justify;\">La cantidad recibida por el banco no va a coincidir con la cantidad anotada como deuda,&nbsp;siendo la diferencia la subvenci\u00f3n.<\/p>\n<p style=\"text-align: justify;\">Al tratarse de pr\u00e9stamos concedidos a tipo de inter\u00e9s cero o a tipo inferior al valor de mercado, se pondr\u00e1 de manifiesto una subvenci\u00f3n de tipo de inter\u00e9s, por la diferencia entre el importe recibido (grupo 572) y el valor razonable de la deuda (subgrupo 17 y 52).<\/p>\n<p style=\"text-align: justify;\">La subvenci\u00f3n, en el momento inicial, la debemos de contabilizar en el&nbsp;patrimonio neto<strong>&nbsp;<\/strong>(subgrupo 13).<\/p>\n<p style=\"text-align: justify;\">Una vez tengamos la subvenci\u00f3n en el neto (subgrupo 13), debemos ir imput\u00e1ndola como ingreso (subgrupo 74) en varios ejercicios atendiendo al criterio de distribuci\u00f3n de acuerdo a la imputaci\u00f3n a gastos de los intereses de la deuda.<\/p>\n<p>.<\/p>\n<p style=\"text-align: center;\">Asesor\u00eda en Barcelona<\/p>\n<p style=\"text-align: center;\">SAGARRA I MONTALVO GESTI\u00d3 BCN, S.L<\/p>\n","protected":false},"excerpt":{"rendered":"<p>El&nbsp;R\u00e9gimen de Minimis&nbsp;es una norma dictada por la Comisi\u00f3n Europea que fija el importe m\u00e1ximo de las ayudas econ\u00f3micas que los Estados miembros pueden conceder a sus empresas. Es decir,&#8230;<\/p>\n","protected":false},"author":2,"featured_media":13516,"comment_status":"open","ping_status":"open","sticky":false,"template":"","format":"standard","meta":{"inline_featured_image":false,"footnotes":""},"categories":[181],"tags":[],"class_list":["post-13525","post","type-post","status-publish","format-standard","has-post-thumbnail","hentry","category-area-fiscal"],"aioseo_notices":[],"aioseo_head":"\n\t\t<!-- All in One SEO 5.0.1.1 - aioseo.com -->\n\t<meta name=\"description\" content=\"El R\u00e9gimen de Minimis es una norma dictada por la Comisi\u00f3n Europea que fija el importe m\u00e1ximo de las ayudas econ\u00f3micas que los Estados miembros pueden conceder a sus empresas. Es decir, limita la cantidad m\u00e1xima de subvenci\u00f3n que podemos recibir. Actualmente, la m\u00e1xima cantidad que una empresa puede recibir de ayudas, sujetas al r\u00e9gimen de minimis,\" \/>\n\t<meta name=\"robots\" content=\"max-image-preview:large\" \/>\n\t<meta name=\"author\" content=\"gestiobcn.com\"\/>\n\t<link rel=\"canonical\" href=\"https:\/\/gestiobcn.com\/es\/ayudas-minimis-y-su-registro-contable-regimen-de-minimis\/\" \/>\n\t<meta name=\"generator\" content=\"All in One SEO (AIOSEO) 5.0.1.1\" \/>\n\t\t<script type=\"application\/ld+json\" class=\"aioseo-schema\">\n\t\t\t{\"@context\":\"https:\\\/\\\/schema.org\",\"@graph\":[{\"@type\":\"Article\",\"@id\":\"https:\\\/\\\/gestiobcn.com\\\/es\\\/ayudas-minimis-y-su-registro-contable-regimen-de-minimis\\\/#article\",\"name\":\"Ayudas Minimis y su registro contable (R\\u00e9gimen de Minimis) | Assessoria SM Gesti\\u00f3 (Barcelona) Fiscal, laboral\",\"headline\":\"Ayudas Minimis y su registro contable (R\\u00e9gimen de Minimis)\",\"author\":{\"@id\":\"https:\\\/\\\/gestiobcn.com\\\/es\\\/author\\\/gestiobcn-com\\\/#author\"},\"publisher\":{\"@id\":\"https:\\\/\\\/gestiobcn.com\\\/es\\\/#organization\"},\"image\":{\"@type\":\"ImageObject\",\"url\":\"https:\\\/\\\/gestiobcn.com\\\/wp-content\\\/uploads\\\/2020\\\/11\\\/minimis-3-1.jpg\",\"width\":1280,\"height\":853},\"datePublished\":\"2020-07-22T11:56:16+01:00\",\"dateModified\":\"2020-11-10T19:25:53+01:00\",\"inLanguage\":\"es-ES\",\"mainEntityOfPage\":{\"@id\":\"https:\\\/\\\/gestiobcn.com\\\/es\\\/ayudas-minimis-y-su-registro-contable-regimen-de-minimis\\\/#webpage\"},\"isPartOf\":{\"@id\":\"https:\\\/\\\/gestiobcn.com\\\/es\\\/ayudas-minimis-y-su-registro-contable-regimen-de-minimis\\\/#webpage\"},\"articleSection\":\"Area Fiscal, Opcional\"},{\"@type\":\"BreadcrumbList\",\"@id\":\"https:\\\/\\\/gestiobcn.com\\\/es\\\/ayudas-minimis-y-su-registro-contable-regimen-de-minimis\\\/#breadcrumblist\",\"itemListElement\":[{\"@type\":\"ListItem\",\"@id\":\"https:\\\/\\\/gestiobcn.com\\\/es\\\/#listItem\",\"position\":1,\"name\":\"Home\",\"item\":\"https:\\\/\\\/gestiobcn.com\\\/es\\\/\",\"nextItem\":{\"@type\":\"ListItem\",\"@id\":\"https:\\\/\\\/gestiobcn.com\\\/es\\\/category\\\/area-fiscal\\\/#listItem\",\"name\":\"Area Fiscal\"}},{\"@type\":\"ListItem\",\"@id\":\"https:\\\/\\\/gestiobcn.com\\\/es\\\/category\\\/area-fiscal\\\/#listItem\",\"position\":2,\"name\":\"Area Fiscal\",\"item\":\"https:\\\/\\\/gestiobcn.com\\\/es\\\/category\\\/area-fiscal\\\/\",\"nextItem\":{\"@type\":\"ListItem\",\"@id\":\"https:\\\/\\\/gestiobcn.com\\\/es\\\/ayudas-minimis-y-su-registro-contable-regimen-de-minimis\\\/#listItem\",\"name\":\"Ayudas Minimis y su registro contable (R\\u00e9gimen de Minimis)\"},\"previousItem\":{\"@type\":\"ListItem\",\"@id\":\"https:\\\/\\\/gestiobcn.com\\\/es\\\/#listItem\",\"name\":\"Home\"}},{\"@type\":\"ListItem\",\"@id\":\"https:\\\/\\\/gestiobcn.com\\\/es\\\/ayudas-minimis-y-su-registro-contable-regimen-de-minimis\\\/#listItem\",\"position\":3,\"name\":\"Ayudas Minimis y su registro contable (R\\u00e9gimen de Minimis)\",\"previousItem\":{\"@type\":\"ListItem\",\"@id\":\"https:\\\/\\\/gestiobcn.com\\\/es\\\/category\\\/area-fiscal\\\/#listItem\",\"name\":\"Area Fiscal\"}}]},{\"@type\":\"Organization\",\"@id\":\"https:\\\/\\\/gestiobcn.com\\\/es\\\/#organization\",\"name\":\"Sagarra i Montalvo Gesti\\u00f3 BCN SL\",\"description\":\"financial advisor\",\"url\":\"https:\\\/\\\/gestiobcn.com\\\/es\\\/\",\"telephone\":\"+34936673626\",\"logo\":{\"@type\":\"ImageObject\",\"url\":\"https:\\\/\\\/gestiobcn.com\\\/wp-content\\\/uploads\\\/2021\\\/04\\\/fons-verd-quadrat.jpg\",\"@id\":\"https:\\\/\\\/gestiobcn.com\\\/es\\\/ayudas-minimis-y-su-registro-contable-regimen-de-minimis\\\/#organizationLogo\",\"width\":280,\"height\":280,\"caption\":\"GestioBCN\"},\"image\":{\"@id\":\"https:\\\/\\\/gestiobcn.com\\\/es\\\/ayudas-minimis-y-su-registro-contable-regimen-de-minimis\\\/#organizationLogo\"}},{\"@type\":\"Person\",\"@id\":\"https:\\\/\\\/gestiobcn.com\\\/es\\\/author\\\/gestiobcn-com\\\/#author\",\"url\":\"https:\\\/\\\/gestiobcn.com\\\/es\\\/author\\\/gestiobcn-com\\\/\",\"name\":\"gestiobcn.com\",\"image\":{\"@type\":\"ImageObject\",\"@id\":\"https:\\\/\\\/gestiobcn.com\\\/es\\\/ayudas-minimis-y-su-registro-contable-regimen-de-minimis\\\/#authorImage\",\"url\":\"https:\\\/\\\/secure.gravatar.com\\\/avatar\\\/389a875dd476c929f14521a4296056fe4a02d1e911cd5457c7b036d4ae7dfba1?s=96&d=mm&r=g\",\"width\":96,\"height\":96,\"caption\":\"gestiobcn.com\"}},{\"@type\":\"WebPage\",\"@id\":\"https:\\\/\\\/gestiobcn.com\\\/es\\\/ayudas-minimis-y-su-registro-contable-regimen-de-minimis\\\/#webpage\",\"url\":\"https:\\\/\\\/gestiobcn.com\\\/es\\\/ayudas-minimis-y-su-registro-contable-regimen-de-minimis\\\/\",\"name\":\"Ayudas Minimis y su registro contable (R\\u00e9gimen de Minimis) | Assessoria SM Gesti\\u00f3 (Barcelona) Fiscal, laboral\",\"description\":\"El R\\u00e9gimen de Minimis es una norma dictada por la Comisi\\u00f3n Europea que fija el importe m\\u00e1ximo de las ayudas econ\\u00f3micas que los Estados miembros pueden conceder a sus empresas. Es decir, limita la cantidad m\\u00e1xima de subvenci\\u00f3n que podemos recibir. Actualmente, la m\\u00e1xima cantidad que una empresa puede recibir de ayudas, sujetas al r\\u00e9gimen de minimis,\",\"inLanguage\":\"es-ES\",\"isPartOf\":{\"@id\":\"https:\\\/\\\/gestiobcn.com\\\/es\\\/#website\"},\"breadcrumb\":{\"@id\":\"https:\\\/\\\/gestiobcn.com\\\/es\\\/ayudas-minimis-y-su-registro-contable-regimen-de-minimis\\\/#breadcrumblist\"},\"author\":{\"@id\":\"https:\\\/\\\/gestiobcn.com\\\/es\\\/author\\\/gestiobcn-com\\\/#author\"},\"creator\":{\"@id\":\"https:\\\/\\\/gestiobcn.com\\\/es\\\/author\\\/gestiobcn-com\\\/#author\"},\"image\":{\"@type\":\"ImageObject\",\"url\":\"https:\\\/\\\/gestiobcn.com\\\/wp-content\\\/uploads\\\/2020\\\/11\\\/minimis-3-1.jpg\",\"@id\":\"https:\\\/\\\/gestiobcn.com\\\/es\\\/ayudas-minimis-y-su-registro-contable-regimen-de-minimis\\\/#mainImage\",\"width\":1280,\"height\":853},\"primaryImageOfPage\":{\"@id\":\"https:\\\/\\\/gestiobcn.com\\\/es\\\/ayudas-minimis-y-su-registro-contable-regimen-de-minimis\\\/#mainImage\"},\"datePublished\":\"2020-07-22T11:56:16+01:00\",\"dateModified\":\"2020-11-10T19:25:53+01:00\"},{\"@type\":\"WebSite\",\"@id\":\"https:\\\/\\\/gestiobcn.com\\\/es\\\/#website\",\"url\":\"https:\\\/\\\/gestiobcn.com\\\/es\\\/\",\"name\":\"Assessoria SM Gesti\\u00f3 (Barcelona) Fiscal, laboral\",\"description\":\"financial advisor\",\"inLanguage\":\"es-ES\",\"publisher\":{\"@id\":\"https:\\\/\\\/gestiobcn.com\\\/es\\\/#organization\"}}]}\n\t\t<\/script>\n\t\t<!-- All in One SEO -->\n\n","aioseo_head_json":{"title":"Ayudas Minimis y su registro contable (R\u00e9gimen de Minimis) | Assessoria SM Gesti\u00f3 (Barcelona) Fiscal, laboral","description":"El R\u00e9gimen de Minimis es una norma dictada por la Comisi\u00f3n Europea que fija el importe m\u00e1ximo de las ayudas econ\u00f3micas que los Estados miembros pueden conceder a sus empresas. Es decir, limita la cantidad m\u00e1xima de subvenci\u00f3n que podemos recibir. Actualmente, la m\u00e1xima cantidad que una empresa puede recibir de ayudas, sujetas al r\u00e9gimen de minimis,","canonical_url":"https:\/\/gestiobcn.com\/es\/ayudas-minimis-y-su-registro-contable-regimen-de-minimis\/","robots":"max-image-preview:large","keywords":"","webmasterTools":{"miscellaneous":""},"schema":{"@context":"https:\/\/schema.org","@graph":[{"@type":"Article","@id":"https:\/\/gestiobcn.com\/es\/ayudas-minimis-y-su-registro-contable-regimen-de-minimis\/#article","name":"Ayudas Minimis y su registro contable (R\u00e9gimen de Minimis) | Assessoria SM Gesti\u00f3 (Barcelona) Fiscal, laboral","headline":"Ayudas Minimis y su registro contable (R\u00e9gimen de Minimis)","author":{"@id":"https:\/\/gestiobcn.com\/es\/author\/gestiobcn-com\/#author"},"publisher":{"@id":"https:\/\/gestiobcn.com\/es\/#organization"},"image":{"@type":"ImageObject","url":"https:\/\/gestiobcn.com\/wp-content\/uploads\/2020\/11\/minimis-3-1.jpg","width":1280,"height":853},"datePublished":"2020-07-22T11:56:16+01:00","dateModified":"2020-11-10T19:25:53+01:00","inLanguage":"es-ES","mainEntityOfPage":{"@id":"https:\/\/gestiobcn.com\/es\/ayudas-minimis-y-su-registro-contable-regimen-de-minimis\/#webpage"},"isPartOf":{"@id":"https:\/\/gestiobcn.com\/es\/ayudas-minimis-y-su-registro-contable-regimen-de-minimis\/#webpage"},"articleSection":"Area Fiscal, Opcional"},{"@type":"BreadcrumbList","@id":"https:\/\/gestiobcn.com\/es\/ayudas-minimis-y-su-registro-contable-regimen-de-minimis\/#breadcrumblist","itemListElement":[{"@type":"ListItem","@id":"https:\/\/gestiobcn.com\/es\/#listItem","position":1,"name":"Home","item":"https:\/\/gestiobcn.com\/es\/","nextItem":{"@type":"ListItem","@id":"https:\/\/gestiobcn.com\/es\/category\/area-fiscal\/#listItem","name":"Area Fiscal"}},{"@type":"ListItem","@id":"https:\/\/gestiobcn.com\/es\/category\/area-fiscal\/#listItem","position":2,"name":"Area Fiscal","item":"https:\/\/gestiobcn.com\/es\/category\/area-fiscal\/","nextItem":{"@type":"ListItem","@id":"https:\/\/gestiobcn.com\/es\/ayudas-minimis-y-su-registro-contable-regimen-de-minimis\/#listItem","name":"Ayudas Minimis y su registro contable (R\u00e9gimen de Minimis)"},"previousItem":{"@type":"ListItem","@id":"https:\/\/gestiobcn.com\/es\/#listItem","name":"Home"}},{"@type":"ListItem","@id":"https:\/\/gestiobcn.com\/es\/ayudas-minimis-y-su-registro-contable-regimen-de-minimis\/#listItem","position":3,"name":"Ayudas Minimis y su registro contable (R\u00e9gimen de Minimis)","previousItem":{"@type":"ListItem","@id":"https:\/\/gestiobcn.com\/es\/category\/area-fiscal\/#listItem","name":"Area Fiscal"}}]},{"@type":"Organization","@id":"https:\/\/gestiobcn.com\/es\/#organization","name":"Sagarra i Montalvo Gesti\u00f3 BCN SL","description":"financial advisor","url":"https:\/\/gestiobcn.com\/es\/","telephone":"+34936673626","logo":{"@type":"ImageObject","url":"https:\/\/gestiobcn.com\/wp-content\/uploads\/2021\/04\/fons-verd-quadrat.jpg","@id":"https:\/\/gestiobcn.com\/es\/ayudas-minimis-y-su-registro-contable-regimen-de-minimis\/#organizationLogo","width":280,"height":280,"caption":"GestioBCN"},"image":{"@id":"https:\/\/gestiobcn.com\/es\/ayudas-minimis-y-su-registro-contable-regimen-de-minimis\/#organizationLogo"}},{"@type":"Person","@id":"https:\/\/gestiobcn.com\/es\/author\/gestiobcn-com\/#author","url":"https:\/\/gestiobcn.com\/es\/author\/gestiobcn-com\/","name":"gestiobcn.com","image":{"@type":"ImageObject","@id":"https:\/\/gestiobcn.com\/es\/ayudas-minimis-y-su-registro-contable-regimen-de-minimis\/#authorImage","url":"https:\/\/secure.gravatar.com\/avatar\/389a875dd476c929f14521a4296056fe4a02d1e911cd5457c7b036d4ae7dfba1?s=96&d=mm&r=g","width":96,"height":96,"caption":"gestiobcn.com"}},{"@type":"WebPage","@id":"https:\/\/gestiobcn.com\/es\/ayudas-minimis-y-su-registro-contable-regimen-de-minimis\/#webpage","url":"https:\/\/gestiobcn.com\/es\/ayudas-minimis-y-su-registro-contable-regimen-de-minimis\/","name":"Ayudas Minimis y su registro contable (R\u00e9gimen de Minimis) | Assessoria SM Gesti\u00f3 (Barcelona) Fiscal, laboral","description":"El R\u00e9gimen de Minimis es una norma dictada por la Comisi\u00f3n Europea que fija el importe m\u00e1ximo de las ayudas econ\u00f3micas que los Estados miembros pueden conceder a sus empresas. Es decir, limita la cantidad m\u00e1xima de subvenci\u00f3n que podemos recibir. Actualmente, la m\u00e1xima cantidad que una empresa puede recibir de ayudas, sujetas al r\u00e9gimen de minimis,","inLanguage":"es-ES","isPartOf":{"@id":"https:\/\/gestiobcn.com\/es\/#website"},"breadcrumb":{"@id":"https:\/\/gestiobcn.com\/es\/ayudas-minimis-y-su-registro-contable-regimen-de-minimis\/#breadcrumblist"},"author":{"@id":"https:\/\/gestiobcn.com\/es\/author\/gestiobcn-com\/#author"},"creator":{"@id":"https:\/\/gestiobcn.com\/es\/author\/gestiobcn-com\/#author"},"image":{"@type":"ImageObject","url":"https:\/\/gestiobcn.com\/wp-content\/uploads\/2020\/11\/minimis-3-1.jpg","@id":"https:\/\/gestiobcn.com\/es\/ayudas-minimis-y-su-registro-contable-regimen-de-minimis\/#mainImage","width":1280,"height":853},"primaryImageOfPage":{"@id":"https:\/\/gestiobcn.com\/es\/ayudas-minimis-y-su-registro-contable-regimen-de-minimis\/#mainImage"},"datePublished":"2020-07-22T11:56:16+01:00","dateModified":"2020-11-10T19:25:53+01:00"},{"@type":"WebSite","@id":"https:\/\/gestiobcn.com\/es\/#website","url":"https:\/\/gestiobcn.com\/es\/","name":"Assessoria SM Gesti\u00f3 (Barcelona) Fiscal, laboral","description":"financial advisor","inLanguage":"es-ES","publisher":{"@id":"https:\/\/gestiobcn.com\/es\/#organization"}}]}},"aioseo_meta_data":{"post_id":"13525","title":null,"description":null,"keywords":null,"keyphrases":null,"primary_term":null,"canonical_url":null,"og_title":null,"og_description":null,"og_object_type":"default","og_image_type":"default","og_image_url":null,"og_image_width":null,"og_image_height":null,"og_image_custom_url":null,"og_image_custom_fields":null,"og_video":null,"og_custom_url":null,"og_article_section":null,"og_article_tags":null,"twitter_use_og":false,"twitter_card":"default","twitter_image_type":"default","twitter_image_url":null,"twitter_image_custom_url":null,"twitter_image_custom_fields":null,"twitter_title":null,"twitter_description":null,"schema":{"blockGraphs":[],"customGraphs":[],"default":{"data":{"Article":[],"Course":[],"Dataset":[],"FAQPage":[],"Movie":[],"Person":[],"Product":[],"ProductReview":[],"Car":[],"Recipe":[],"Service":[],"SoftwareApplication":[],"WebPage":[]},"graphName":"Article","isEnabled":true},"graphs":[]},"schema_type":null,"schema_type_options":null,"pillar_content":false,"robots_default":true,"robots_noindex":false,"robots_noarchive":false,"robots_nosnippet":false,"robots_nofollow":false,"robots_noimageindex":false,"robots_noodp":false,"robots_notranslate":false,"robots_max_snippet":null,"robots_max_videopreview":null,"robots_max_imagepreview":"large","priority":null,"frequency":null,"local_seo":null,"breadcrumb_settings":null,"limit_modified_date":false,"ai":null,"created":"2021-04-02 08:25:25","updated":"2025-11-20 05:06:24","seo_analyzer_scan_date":null,"focus_keyword":null,"additional_keywords":null,"truseo_locale":null},"_links":{"self":[{"href":"https:\/\/gestiobcn.com\/es\/wp-json\/wp\/v2\/posts\/13525","targetHints":{"allow":["GET"]}}],"collection":[{"href":"https:\/\/gestiobcn.com\/es\/wp-json\/wp\/v2\/posts"}],"about":[{"href":"https:\/\/gestiobcn.com\/es\/wp-json\/wp\/v2\/types\/post"}],"author":[{"embeddable":true,"href":"https:\/\/gestiobcn.com\/es\/wp-json\/wp\/v2\/users\/2"}],"replies":[{"embeddable":true,"href":"https:\/\/gestiobcn.com\/es\/wp-json\/wp\/v2\/comments?post=13525"}],"version-history":[{"count":0,"href":"https:\/\/gestiobcn.com\/es\/wp-json\/wp\/v2\/posts\/13525\/revisions"}],"wp:featuredmedia":[{"embeddable":true,"href":"https:\/\/gestiobcn.com\/es\/wp-json\/wp\/v2\/media\/13516"}],"wp:attachment":[{"href":"https:\/\/gestiobcn.com\/es\/wp-json\/wp\/v2\/media?parent=13525"}],"wp:term":[{"taxonomy":"category","embeddable":true,"href":"https:\/\/gestiobcn.com\/es\/wp-json\/wp\/v2\/categories?post=13525"},{"taxonomy":"post_tag","embeddable":true,"href":"https:\/\/gestiobcn.com\/es\/wp-json\/wp\/v2\/tags?post=13525"}],"curies":[{"name":"wp","href":"https:\/\/api.w.org\/{rel}","templated":true}]}}